{"id":98,"date":"2008-09-28T22:05:04","date_gmt":"2008-09-28T22:05:04","guid":{"rendered":"http:\/\/relinkare.org\/site\/?p=98"},"modified":"2023-10-02T03:09:25","modified_gmt":"2023-10-02T03:09:25","slug":"cultura-digital-indo-alem-do-big-brother","status":"publish","type":"post","link":"https:\/\/relinkare.org\/site\/cultura-digital-indo-alem-do-big-brother\/","title":{"rendered":"CULTURA DIGITAL &#8211; Indo Al\u00e9m do Big Brother"},"content":{"rendered":"<p align=\"justify\">Dia desses, a jovem cantora Pitty comentou numa entrevista que as pessoas quando pensam na Bahia, lembram logo de ax\u00e9 music e esquecem que h\u00e1 milhares de pessoas com outros gostos musicais morando por l\u00e1&#8230;<\/p>\n<p align=\"justify\">Agora ligue o canal da imagina\u00e7\u00e3o e tente pensar o que deve sentir um roqueiro baiano ou um vegetariano ga\u00facho; ou um piauiense que \u00e9 tratado genericamente de \u201cpara\u00edba\u201d.<\/p>\n<p align=\"justify\">E j\u00e1 reparou que at\u00e9 bem pouco tempo a televis\u00e3o s\u00f3 tinha apresentadoras de programa infantil louras? J\u00e1 reparou que todo oriental nas propagandas tem jeito de abobalhado? Todo motorista de carr\u00e3o \u00e9 branco? Todo nordestino \u00e9 engra\u00e7ado? Todo carioca mora em frente \u00e0 praia&#8230; \u00c9 isso mesmo?<\/p>\n<p align=\"justify\">Al\u00e9m disso, indo mais fundo: quando a m\u00eddia fala da sua cidade voc\u00ea j\u00e1 teve a sensa\u00e7\u00e3o de que \u201cn\u00e3o \u00e9 bem assim\u201d?<\/p>\n<p align=\"justify\">Todas essas perguntas e situa\u00e7\u00f5es t\u00eam a ver com a forma com que a comunica\u00e7\u00e3o de massa funcionou durante a maior parte do s\u00e9culo passado (principalmente a televis\u00e3o). Al\u00e9m das not\u00edcias serem quase sempre das capitais (de algumas capitais), toda vez que se falava de alguma cidade, sempre soava estranho, com um olhar totalmente de fora. Quando se falava do interior, ent\u00e3o, sempre se refor\u00e7ava o lado pitoresco, folcl\u00f3rico, estereotipado&#8230;<\/p>\n<p align=\"justify\">E isso padronizava tudo: os pontos de vista, os pontos tur\u00edsticos, os sotaques, os \u201ctipos\u201d de pessoas&#8230;<\/p>\n<p align=\"justify\">Mas a cultura digital aos pouquinhos tem conseguido sacudir esse modelo antigo e pesado. Principalmente com a populariza\u00e7\u00e3o da Internet, cada vez mais n\u00f3s conseguimos informa\u00e7\u00f5es sobre os lugares vindo de pessoas DAQUELES LUGARES. Com os recursos ficando mais acess\u00edveis, outras vozes est\u00e3o conseguindo espa\u00e7o para divulgar suas id\u00e9ias, conceitos, produtos, pontos de vista.<\/p>\n<p align=\"justify\">E com o advento da web 2.0, as redes sociais e os sites colaborativos est\u00e3o surgindo novos comunicadores, que v\u00eam mostrando que a periferia e o centro est\u00e3o cada vez mais embolados no meio campo.<\/p>\n<p align=\"justify\">Atrav\u00e9s de um blog, alguma merreca numa lan house e uma id\u00e9ia na cabe\u00e7a, uma pessoa pode hoje levar para o mundo a sua vis\u00e3o sobre sua cidade, seu gosto musical, sua tribo, suas propostas de crescimento. Um filme feito em casa pode virar uma sensa\u00e7\u00e3o no Youtube e ampliar a rede de contatos de um morador de Barra do Itabapoana.<\/p>\n<p align=\"justify\">Se antes havia uma tentativa de entrar na m\u00eddia, hoje voc\u00ea pode SER A M\u00cdDIA!<\/p>\n<p align=\"justify\">T\u00e1 bom, t\u00e1 bom, as grandes TVs ainda s\u00e3o grandes e poderosas, mas acredite: as coisas est\u00e3o mudando \u2013 e r\u00e1pido!<\/p>\n<p align=\"justify\">[texto de 2008 para o Encontro Humano Mar, Projeto de Educa\u00e7\u00e3o Ambiental do Campo de Polvo, e republicado aqui:\u00a0<a href=\"http:\/\/projetogeringonca.blogspot.com.br\/2008\/09\/oficina-eu-na-web-aula-3.html\" target=\"_blank\" rel=\"noopener\">http:\/\/projetogeringonca.blogspot.com.br\/2008\/09\/oficina-eu-na-web-aula-3.html<\/a>]<\/p>\n","protected":false},"excerpt":{"rendered":"<p>Dia desses, a jovem cantora Pitty comentou numa entrevista que as pessoas quando pensam na Bahia, lembram logo de ax\u00e9 music e esquecem que h\u00e1 milhares de pessoas com outros gostos musicais morando por l\u00e1&#8230; Agora ligue o canal da&#8230;<br \/><a class=\"read-more-button\" href=\"https:\/\/relinkare.org\/site\/cultura-digital-indo-alem-do-big-brother\/\">Leia mais&#8230;<\/a><\/p>\n","protected":false},"author":1,"featured_media":0,"comment_status":"open","ping_status":"open","sticky":false,"template":"","format":"standard","meta":{"_kadence_starter_templates_imported_post":false,"footnotes":""},"categories":[7,215,17],"tags":[],"class_list":["post-98","post","type-post","status-publish","format-standard","hentry","category-pitaco","category-pitacolandia","category-software"],"views":2546,"_links":{"self":[{"href":"https:\/\/relinkare.org\/site\/wp-json\/wp\/v2\/posts\/98","targetHints":{"allow":["GET"]}}],"collection":[{"href":"https:\/\/relinkare.org\/site\/wp-json\/wp\/v2\/posts"}],"about":[{"href":"https:\/\/relinkare.org\/site\/wp-json\/wp\/v2\/types\/post"}],"author":[{"embeddable":true,"href":"https:\/\/relinkare.org\/site\/wp-json\/wp\/v2\/users\/1"}],"replies":[{"embeddable":true,"href":"https:\/\/relinkare.org\/site\/wp-json\/wp\/v2\/comments?post=98"}],"version-history":[{"count":5,"href":"https:\/\/relinkare.org\/site\/wp-json\/wp\/v2\/posts\/98\/revisions"}],"predecessor-version":[{"id":1260,"href":"https:\/\/relinkare.org\/site\/wp-json\/wp\/v2\/posts\/98\/revisions\/1260"}],"wp:attachment":[{"href":"https:\/\/relinkare.org\/site\/wp-json\/wp\/v2\/media?parent=98"}],"wp:term":[{"taxonomy":"category","embeddable":true,"href":"https:\/\/relinkare.org\/site\/wp-json\/wp\/v2\/categories?post=98"},{"taxonomy":"post_tag","embeddable":true,"href":"https:\/\/relinkare.org\/site\/wp-json\/wp\/v2\/tags?post=98"}],"curies":[{"name":"wp","href":"https:\/\/api.w.org\/{rel}","templated":true}]}}