{"id":927,"date":"2019-12-02T04:41:38","date_gmt":"2019-12-02T04:41:38","guid":{"rendered":"https:\/\/relinkare.org\/site\/?p=927"},"modified":"2023-10-02T03:02:41","modified_gmt":"2023-10-02T03:02:41","slug":"927-2","status":"publish","type":"post","link":"https:\/\/relinkare.org\/site\/927-2\/","title":{"rendered":"50 anos de Her\u00f3is da Liberdade, bambas do Imp\u00e9rio Serrano driblando a ditadura"},"content":{"rendered":"<div id=\"id_5e4b5b3d525c12330462015\" class=\"text_exposed_root text_exposed\">\u201cAt\u00e9 a noite do desfile de 1969, as aten\u00e7\u00f5es se concentraram no samba-enredo do Imp\u00e9rio Serrano. A escola propunha o tema Her\u00f3is da Liberdade e os compositores <strong>Silas de Oliveira, Mano D\u00e9cio da Viola e Manuel Ferreira<\/strong> deram asas \u00e0 imagina\u00e7\u00e3o. Mesclaram o clima das passeatas que sacudira o pa\u00eds nos \u00faltimos meses de 1968 com o Hino da Independ\u00eancia, sob a assinatura inatac\u00e1vel do imperador dom Pedro <span class=\"text_exposed_show\"><span class=\"text_exposed_show\">II.<br \/>\nOficialmente, as autoridades tentavam impedir que o samba fosse cantado sob a alega\u00e7\u00e3o de que os sambistas tinham maculado um s\u00edmbolo nacional, o hino, citado textualmente, em letra e m\u00fasica: \u201cj\u00e1 raiou a liberdade \/ a liberdade j\u00e1 raiou\u201d. Para os sambistas e hermeneutas de plant\u00e3o, o buraco era mais embaixo.<br \/>\nAntes de mencionar o hino, Silas, Mano D\u00e9cio e Manuel faziam refer\u00eancias aos movimentos de estudantes e intelectuais contra o golpe de 64: \u201cao longe, soldados e tambores, alunos e professores, acompanhados de clarins, cantavam assim: j\u00e1 raiou&#8230;\u201d<br \/>\nE, mais adiante, numa genial defini\u00e7\u00e3o de liberdade, conclu\u00edam os democratas e populares imperianos: \u201cessa brisa que a juventude afaga, esta chama que o \u00f3dio n\u00e3o apaga. Pelo universo, \u00e9 a evolu\u00e7\u00e3o, em sua leg\u00edtima raz\u00e3o.\u201d<br \/>\nConvenhamos \u2013 era dif\u00edcil engolir. O Imp\u00e9rio desfilou, afinal, mas ficou com um modesto quarto lugar. O samba, gravado por Elza Soares, ganhava fervor c\u00edvico quando cantado nas rodas de samba cariocas daquela \u00e9poca, dos sub\u00farbios ao Teatro Opini\u00e3o.\u201d<br \/>\n.<br \/>\n[ Trecho do livro <strong>Carnaval, da Redentora \u00e0 Pra\u00e7a do Apocalipse<\/strong>, de <strong>Roberto M. Moura<\/strong> ]<br \/>\n.<\/span><\/span>&nbsp;<\/p>\n<\/div>\n<div><\/div>\n<div id=\"attachment_928\" style=\"width: 330px\" class=\"wp-caption alignnone\"><img loading=\"lazy\" decoding=\"async\" aria-describedby=\"caption-attachment-928\" class=\"wp-image-928 size-full\" src=\"https:\/\/relinkare.org\/site\/wp-content\/uploads\/2020\/02\/mano-decio-silas-de-oliveira.jpg\" alt=\"[ Foto: Mano D\u00e9cio e Silas de Oliveira \u2013 autoria n\u00e3o encontrada ]\" width=\"320\" height=\"175\" \/><p id=\"caption-attachment-928\" class=\"wp-caption-text\">[ Foto: Mano D\u00e9cio e Silas de Oliveira \u2013 autoria n\u00e3o encontrada ]<\/p><\/div>\n","protected":false},"excerpt":{"rendered":"<p>\u201cAt\u00e9 a noite do desfile de 1969, as aten\u00e7\u00f5es se concentraram no samba-enredo do Imp\u00e9rio Serrano. A escola propunha o tema Her\u00f3is da Liberdade e os compositores Silas de Oliveira, Mano D\u00e9cio da Viola e Manuel Ferreira deram asas \u00e0&#8230;<br \/><a class=\"read-more-button\" href=\"https:\/\/relinkare.org\/site\/927-2\/\">Leia mais&#8230;<\/a><\/p>\n","protected":false},"author":1,"featured_media":928,"comment_status":"open","ping_status":"open","sticky":false,"template":"","format":"standard","meta":{"_kadence_starter_templates_imported_post":false,"footnotes":""},"categories":[22,215],"tags":[],"class_list":["post-927","post","type-post","status-publish","format-standard","has-post-thumbnail","hentry","category-musica","category-pitacolandia"],"views":1526,"_links":{"self":[{"href":"https:\/\/relinkare.org\/site\/wp-json\/wp\/v2\/posts\/927","targetHints":{"allow":["GET"]}}],"collection":[{"href":"https:\/\/relinkare.org\/site\/wp-json\/wp\/v2\/posts"}],"about":[{"href":"https:\/\/relinkare.org\/site\/wp-json\/wp\/v2\/types\/post"}],"author":[{"embeddable":true,"href":"https:\/\/relinkare.org\/site\/wp-json\/wp\/v2\/users\/1"}],"replies":[{"embeddable":true,"href":"https:\/\/relinkare.org\/site\/wp-json\/wp\/v2\/comments?post=927"}],"version-history":[{"count":3,"href":"https:\/\/relinkare.org\/site\/wp-json\/wp\/v2\/posts\/927\/revisions"}],"predecessor-version":[{"id":931,"href":"https:\/\/relinkare.org\/site\/wp-json\/wp\/v2\/posts\/927\/revisions\/931"}],"wp:featuredmedia":[{"embeddable":true,"href":"https:\/\/relinkare.org\/site\/wp-json\/wp\/v2\/media\/928"}],"wp:attachment":[{"href":"https:\/\/relinkare.org\/site\/wp-json\/wp\/v2\/media?parent=927"}],"wp:term":[{"taxonomy":"category","embeddable":true,"href":"https:\/\/relinkare.org\/site\/wp-json\/wp\/v2\/categories?post=927"},{"taxonomy":"post_tag","embeddable":true,"href":"https:\/\/relinkare.org\/site\/wp-json\/wp\/v2\/tags?post=927"}],"curies":[{"name":"wp","href":"https:\/\/api.w.org\/{rel}","templated":true}]}}