{"id":903,"date":"2019-11-07T03:42:02","date_gmt":"2019-11-07T03:42:02","guid":{"rendered":"https:\/\/relinkare.org\/site\/?p=903"},"modified":"2020-02-18T03:48:21","modified_gmt":"2020-02-18T03:48:21","slug":"covardes-em-alta-no-patio-brasil","status":"publish","type":"post","link":"https:\/\/relinkare.org\/site\/covardes-em-alta-no-patio-brasil\/","title":{"rendered":"COVARDES EM ALTA NO P\u00c1TIO BRASIL"},"content":{"rendered":"<p>Existem v\u00e1rias formas poss\u00edveis de resumir nossa tosca situa\u00e7\u00e3o pol\u00edtica atual e uma delas pode ser essa: os covardes dominaram o bagulho.<br \/>\nSempre estiveram por a\u00ed, obviamente, mas agora est\u00e3o ouri\u00e7ados cada vez mais com o deslumbrado poder de suas canetas, seus microfones e suas hordas de rob\u00f4s linchadores.<br \/>\nEm tempo, que acho que vale o registro: h\u00e1 a\u00ed pelo menos dois tipos de covardes. Tem os da esp\u00e9cie digamos, vermes rastejantes, que incluem os augustonunes da vida \u2013 e moros, temers, dallagnois, mervais et caterva.<br \/>\nEsses vivem se achando o m\u00e1ximo, revestidos por cargos, posi\u00e7\u00e3o, dinheiro. Seu poder pessoal \u00e9 exercido com gosto a cada humilha\u00e7\u00e3o a um servi\u00e7al ou desafeto mais inteligente. O baronato da imprensa oligop\u00f3lica do pa\u00eds adora esse tipo de covarde e vive inflando seus egos pra que fa\u00e7am jogo sujo quando precisam. A vaidade os mant\u00e9m ref\u00e9ns dos verdadeiros poderosos. \u00c9 um tipo muito encontrado em tribunais, jornal\u00f5es e v\u00e1rias vezes viram apenas capachos de coroneis e milicianos.<br \/>\n\u00c0s vezes at\u00e9 publicam livros de poesia e pagam propaganda com dinheiro p\u00fablico para falaram de si mesmo. Costumam usar de difama\u00e7\u00e3o, nas sombras. T\u00eam orgulho de sua intelig\u00eancia sem perceberem o quanto rasos s\u00e3o. N\u00e3o admitem em p\u00fablico, mas odeiam o humor porque o humor machuca l\u00e1 dentro, de com for\u00e7a. Uma palavra que poderia dar uma boa definida nesse tipo seria gentinha.<br \/>\nMas h\u00e1 tamb\u00e9m os covardes do tipo valent\u00e3o, da estirpe dos capit\u00e3es de plant\u00e3o a\u00ed. O valent\u00e3o voc\u00ea sabe n\u00e9, \u00e9 aquilo: valent\u00f5es sempre s\u00e3o valent\u00f5es com os mais fracos. Todo mundo conheceu algum no p\u00e1tio da s\u00e9tima s\u00e9rie. Quando s\u00e3o confrontados, recuam, dizem que n\u00e3o \u00e9 bem assim e tal, e saem espumando de raiva diante da constata\u00e7\u00e3o de suas pr\u00f3prias fraquezas mal resolvidas. \u00c9 tipo um filho de capit\u00e3o desses a\u00ed enfrentando uma Jandira: na hora ag\u00e1 do embate desmaiam e literalmente se borram nas cal\u00e7as. S\u00e3o os do tipo que n\u00e3o v\u00e3o a debates, gostam de bater em mulher, de debochar de pessoas com defici\u00eancia. Geralmente precisam ostentar um rev\u00f3lver na cintura e dizer que na ditadura \u00e9 que era bom. Atualmente uma parte dessa categoria tem um plus que \u00e9 se arvorar em ser de Jesus mas viver falando em matar todo mundo. Esse tipo de covarde tem orgulho de sua burrice e odeia qualquer coisa que contenha um m\u00ednimo de subjetividade e poesia.<br \/>\nA covardia est\u00e1 em alta, \u00e9 s\u00e9rio, e o p\u00e1tio \u00e9 grande e o recreio n\u00e3o termina nunca. O pa\u00eds est\u00e1 entregue aos covardes e isso \u00e9 muito mal. Muito menos por contas dessas figuras abjetas em si e muito mais pela constata\u00e7\u00e3o de que tem tanta gente que acha isso de boa, apoiando essa onda pesada que nos assola, mescla de uma escrotid\u00e3o criminosa com uma dilacerante idiotice.<br \/>\nQuantos anos essa onda vai durar \u00e9 uma inc\u00f3gnita, mas d\u00e1 pra saber \u00e9 que n\u00f3s tamos mesmo \u00e9 muito lascados.<br \/>\n[ heraldo hb &#8211; pitacol\u00e2ndia \u2013 novembro de 2019 ]<\/p>\n","protected":false},"excerpt":{"rendered":"<p>Existem v\u00e1rias formas poss\u00edveis de resumir nossa tosca situa\u00e7\u00e3o pol\u00edtica atual e uma delas pode ser essa: os covardes dominaram o bagulho. Sempre estiveram por a\u00ed, obviamente, mas agora est\u00e3o ouri\u00e7ados cada vez mais com o deslumbrado poder de suas&#8230;<br \/><a class=\"read-more-button\" href=\"https:\/\/relinkare.org\/site\/covardes-em-alta-no-patio-brasil\/\">Leia mais&#8230;<\/a><\/p>\n","protected":false},"author":1,"featured_media":0,"comment_status":"open","ping_status":"open","sticky":false,"template":"","format":"standard","meta":{"_kadence_starter_templates_imported_post":false,"footnotes":""},"categories":[215],"tags":[],"class_list":["post-903","post","type-post","status-publish","format-standard","hentry","category-pitacolandia"],"views":1257,"_links":{"self":[{"href":"https:\/\/relinkare.org\/site\/wp-json\/wp\/v2\/posts\/903","targetHints":{"allow":["GET"]}}],"collection":[{"href":"https:\/\/relinkare.org\/site\/wp-json\/wp\/v2\/posts"}],"about":[{"href":"https:\/\/relinkare.org\/site\/wp-json\/wp\/v2\/types\/post"}],"author":[{"embeddable":true,"href":"https:\/\/relinkare.org\/site\/wp-json\/wp\/v2\/users\/1"}],"replies":[{"embeddable":true,"href":"https:\/\/relinkare.org\/site\/wp-json\/wp\/v2\/comments?post=903"}],"version-history":[{"count":1,"href":"https:\/\/relinkare.org\/site\/wp-json\/wp\/v2\/posts\/903\/revisions"}],"predecessor-version":[{"id":904,"href":"https:\/\/relinkare.org\/site\/wp-json\/wp\/v2\/posts\/903\/revisions\/904"}],"wp:attachment":[{"href":"https:\/\/relinkare.org\/site\/wp-json\/wp\/v2\/media?parent=903"}],"wp:term":[{"taxonomy":"category","embeddable":true,"href":"https:\/\/relinkare.org\/site\/wp-json\/wp\/v2\/categories?post=903"},{"taxonomy":"post_tag","embeddable":true,"href":"https:\/\/relinkare.org\/site\/wp-json\/wp\/v2\/tags?post=903"}],"curies":[{"name":"wp","href":"https:\/\/api.w.org\/{rel}","templated":true}]}}