{"id":837,"date":"2019-03-14T04:39:29","date_gmt":"2019-03-14T04:39:29","guid":{"rendered":"http:\/\/relinkare.org\/site\/?p=837"},"modified":"2019-03-25T02:18:02","modified_gmt":"2019-03-25T02:18:02","slug":"comentarios-sobre-escolas-de-samba-2019-parte-1","status":"publish","type":"post","link":"https:\/\/relinkare.org\/site\/comentarios-sobre-escolas-de-samba-2019-parte-1\/","title":{"rendered":"COMENT\u00c1RIOS SOBRE ESCOLAS DE SAMBA 2019 &#8211; [ Parte 1 ]"},"content":{"rendered":"<div id=\"js_5\" class=\"_5pbx userContent _3ds9 _3576\" data-ft=\"{&quot;tn&quot;:&quot;K&quot;}\">\n<p>___ N\u00e3o tem como n\u00e3o esquecer o hist\u00f3rico desfile da <a class=\"profileLink\" href=\"https:\/\/web.facebook.com\/gresparaisodotuiuti\/?__xts__%5B0%5D=68.ARAVLrcK1hPN9p2qsrQeAmdwz0wrKDrMM6m4J-3bp6by09Wmh4Oc-S10_vJcmQ4rHLXpolbCiw46Q08G5VyzkYW-hKj0iqfHpfjg4q23w2EoCaWHtAo610ciTuTa8OarAYStp3xb_xtNTfhs8osZX4iZA3o0TTQDG6t785wyvvgKIXGAG1IF_W7l6DR9NsVu0SL-1oA1TwaK&amp;__xts__%5B1%5D=68.ARBgJJXZHo_MHS4giSOegPol2BBuT9fQttyE410vqge8flf9tZFbYdicdzpjwj0f16IT8-JUtrImyiST5G9nlXfzeI2_66rBLSytnO00kLh3637qKTuu6Oj1BlnBaYqUbOjpv6k85ASw9YJGIrAUtNNzj2aYMsAXyg2rU9I28gCg-Hq7wrkBacJ-JzaNGiv3PErznWGGBTSX&amp;__tn__=K-R&amp;eid=ARAh-XsdEjwgCvoOsAyxwWLDuwRz912vw96zTNEgN2pY5kQ7x2XuUct0uL-BLs6ly2bi1mBQbiWZJUoM&amp;fref=mentions\" data-hovercard=\"\/ajax\/hovercard\/page.php?id=834250469937833&amp;extragetparams=%7B%22__tn__%22%3A%22%2CdK-R-R%22%2C%22eid%22%3A%22ARAh-XsdEjwgCvoOsAyxwWLDuwRz912vw96zTNEgN2pY5kQ7x2XuUct0uL-BLs6ly2bi1mBQbiWZJUoM%22%2C%22fref%22%3A%22mentions%22%7D\" data-hovercard-prefer-more-content-show=\"1\">Para\u00edso do Tuiuti<\/a> no ano passado e a sensacional ala dos manifantoches\u2026 Diagn\u00f3stico debochado e contundente, foi uma porrada t\u00e3o forte e t\u00e3o bem dada que n\u00e3o foi \u00e0 toa que o Vampir\u00e3o assim que acabou o Carnaval decretou interven\u00e7\u00e3o federal no Estado. Daqui a alguns anos, quando ESSA MERDA DE MOMENTO EM QUE ESTAMOS PASSAR, esse enredo, samba e desfile, ser\u00e3o lembrados como um dos grandes momentos do Carnaval de todos os tempos. Leva f\u00e9.<\/p>\n<p>___ Por falar em ano passado, \u00e9 bom lembrar que rolou um tapet\u00e3o fei\u00e3o e ningu\u00e9m desceu pro grupo de Acesso. A Grande Rio era uma das que devia ter descido, mas a\u00ed n\u00e9, meu caro, a Grande Rio \u00e9 a Grande Rio\u2026 \u00c9 \u201cr\u00faim\u201d de descer.<\/p>\n<p>___ Olha, deve ser um sentimento de querer se matar voc\u00ea torcer pela Mangueira e ter que aturar o enredo desse ano sendo \u201ccoxinha\u201d, \u201cisent\u00e3o\u201d ou bolsominion&#8230; Pra essa galera, deve doer muito ouvir esse samba que \u00e9 uma aula classuda sobre o Brasil real, numa melodia dessas de encantar a alma. Sinto pena dessa gente (mentira, sinto n\u00e3o\u2026)<\/p>\n<p>___ E esse samba do <a class=\"profileLink\" href=\"https:\/\/web.facebook.com\/salgueirooriginal\/?__xts__%5B0%5D=68.ARAVLrcK1hPN9p2qsrQeAmdwz0wrKDrMM6m4J-3bp6by09Wmh4Oc-S10_vJcmQ4rHLXpolbCiw46Q08G5VyzkYW-hKj0iqfHpfjg4q23w2EoCaWHtAo610ciTuTa8OarAYStp3xb_xtNTfhs8osZX4iZA3o0TTQDG6t785wyvvgKIXGAG1IF_W7l6DR9NsVu0SL-1oA1TwaK&amp;__xts__%5B1%5D=68.ARBgJJXZHo_MHS4giSOegPol2BBuT9fQttyE410vqge8flf9tZFbYdicdzpjwj0f16IT8-JUtrImyiST5G9nlXfzeI2_66rBLSytnO00kLh3637qKTuu6Oj1BlnBaYqUbOjpv6k85ASw9YJGIrAUtNNzj2aYMsAXyg2rU9I28gCg-Hq7wrkBacJ-JzaNGiv3PErznWGGBTSX&amp;__tn__=K-R&amp;eid=ARAtzhZlhz8zM1lW_pe1G4L7KpjRcgFhipvnBjv3R35nGOlUTL-exuLYvrfAEhE2M3w6d03uxlp1yAv1&amp;fref=mentions\" data-hovercard=\"\/ajax\/hovercard\/page.php?id=348867115188393&amp;extragetparams=%7B%22__tn__%22%3A%22%2CdK-R-R%22%2C%22eid%22%3A%22ARAtzhZlhz8zM1lW_pe1G4L7KpjRcgFhipvnBjv3R35nGOlUTL-exuLYvrfAEhE2M3w6d03uxlp1yAv1%22%2C%22fref%22%3A%22mentions%22%7D\" data-hovercard-prefer-more-content-show=\"1\">G.R.E.S. Acad\u00eamicos do Salgueiro &#8211; Original<\/a>, hein, rap\u00e1iz\u2026 Tem uma coisa ali de um crescendo, que vai subindo, vai subindo de uma forma que na segunda vez toma a gente completamente. Acho forte concorrente porque a m\u00fasica na hora ali vai fazer uma diferen\u00e7a danada. E a Furiosa, como \u00e9 chamada a bateria da Escola, vai chegar chamando na veia o aluj\u00e1 pra Xang\u00f4 \u2013 Ka\u00f4 sem ca\u00f4. Vai arrepiar bonito.<\/p>\n<p>___ A <a class=\"profileLink\" href=\"https:\/\/web.facebook.com\/pages\/GRES-PORTELA\/220822661381024?__xts__%5B0%5D=68.ARAVLrcK1hPN9p2qsrQeAmdwz0wrKDrMM6m4J-3bp6by09Wmh4Oc-S10_vJcmQ4rHLXpolbCiw46Q08G5VyzkYW-hKj0iqfHpfjg4q23w2EoCaWHtAo610ciTuTa8OarAYStp3xb_xtNTfhs8osZX4iZA3o0TTQDG6t785wyvvgKIXGAG1IF_W7l6DR9NsVu0SL-1oA1TwaK&amp;__xts__%5B1%5D=68.ARBgJJXZHo_MHS4giSOegPol2BBuT9fQttyE410vqge8flf9tZFbYdicdzpjwj0f16IT8-JUtrImyiST5G9nlXfzeI2_66rBLSytnO00kLh3637qKTuu6Oj1BlnBaYqUbOjpv6k85ASw9YJGIrAUtNNzj2aYMsAXyg2rU9I28gCg-Hq7wrkBacJ-JzaNGiv3PErznWGGBTSX&amp;__tn__=K-R&amp;eid=ARDACeNWr1tsMMGwDtKUawk1qrbZgJdjcapii4VJR46_SVzEiBCMG9ML8VBV3sw-_KlS3LQvDG5oLCet&amp;fref=mentions\" data-hovercard=\"\/ajax\/hovercard\/page.php?id=220822661381024&amp;extragetparams=%7B%22__tn__%22%3A%22%2CdK-R-R%22%2C%22eid%22%3A%22ARDACeNWr1tsMMGwDtKUawk1qrbZgJdjcapii4VJR46_SVzEiBCMG9ML8VBV3sw-_KlS3LQvDG5oLCet%22%2C%22fref%22%3A%22mentions%22%7D\" data-hovercard-prefer-more-content-show=\"1\">G.R.E.S PORTELA<\/a> tamb\u00e9m tem tudo pra chegar de com for\u00e7a pra levar o t\u00edtulo. O samba tamb\u00e9m \u00e9 sensacional, um dos melhores, o enredo \u00e9 Clara Nunes, que dispensa coment\u00e1rios\u2026 Mas fora isso, uma coisa que tem que ser dita \u00e9 que nos \u00faltimos anos a Portela tem feito um trabalho incr\u00edvel de reencontro com suas ra\u00edzes, com a comunidade, e compromisso com a renova\u00e7\u00e3o de quadros sem perder sua ess\u00eancia. E isso \u00e9 um tipo de coisa que n\u00e3o d\u00e1 pra ser mais ou menos, ser mascarado\u2026 Tem que ser \u00e0 vera, se n\u00e3o, n\u00e3o se sustenta. E tamb\u00e9m \u00e9 algo que provoca uma onda de vibra\u00e7\u00e3o que contagia todos os setores da vida da escola e que reverbera com for\u00e7a na performance dos desfiles. Os exitosos desfiles da azul e branco dos \u00faltimos anos s\u00e3o provas disso.<\/p>\n<p>___ Pelo que parece a Acad\u00eamicos do Sossego n\u00e3o vai levar a alegoria do suposto Crivela com chifres pra avenida. Embora a escola diga que n\u00e3o tem a ver a escultura com a lata do nobre bispo-prefeito, acho uma pena\u2026 Sossego que vem h\u00e1 uns cinco anos se destacando pelos sambas ousados pra caramba nas formas e abordagens.<\/p>\n<p>___ Essa chuva torrencial dessa sexta-feira acabou prejudicando a <a class=\"profileLink\" href=\"https:\/\/web.facebook.com\/unidosdaponteoficial\/?__xts__%5B0%5D=68.ARAVLrcK1hPN9p2qsrQeAmdwz0wrKDrMM6m4J-3bp6by09Wmh4Oc-S10_vJcmQ4rHLXpolbCiw46Q08G5VyzkYW-hKj0iqfHpfjg4q23w2EoCaWHtAo610ciTuTa8OarAYStp3xb_xtNTfhs8osZX4iZA3o0TTQDG6t785wyvvgKIXGAG1IF_W7l6DR9NsVu0SL-1oA1TwaK&amp;__xts__%5B1%5D=68.ARBgJJXZHo_MHS4giSOegPol2BBuT9fQttyE410vqge8flf9tZFbYdicdzpjwj0f16IT8-JUtrImyiST5G9nlXfzeI2_66rBLSytnO00kLh3637qKTuu6Oj1BlnBaYqUbOjpv6k85ASw9YJGIrAUtNNzj2aYMsAXyg2rU9I28gCg-Hq7wrkBacJ-JzaNGiv3PErznWGGBTSX&amp;__tn__=K-R&amp;eid=ARC0pdWqCFfQuoPhwMzbKOEwNi7aWB7ccb-aIjCfhXY7MIEWO2E15ebABC4bM-ay7D3ZwVX7qeMY5bVK&amp;fref=mentions\" data-hovercard=\"\/ajax\/hovercard\/page.php?id=1414029495498433&amp;extragetparams=%7B%22__tn__%22%3A%22%2CdK-R-R%22%2C%22eid%22%3A%22ARC0pdWqCFfQuoPhwMzbKOEwNi7aWB7ccb-aIjCfhXY7MIEWO2E15ebABC4bM-ay7D3ZwVX7qeMY5bVK%22%2C%22fref%22%3A%22mentions%22%7D\" data-hovercard-prefer-more-content-show=\"1\">GRES Unidos da Ponte<\/a> que esse ano trazia a reedi\u00e7\u00e3o do enredo Oferendas, com o samba antol\u00f3gico do in\u00edcio dos anos 80, quando a Escola era das grandes que encantavam com sua presen\u00e7a. Mas mesmo assim, s\u00f3 da Ponte estar de volta e com toda a for\u00e7a j\u00e1 vale. Al\u00e9m de ser uma escola super tradicional e um celeiro excelente de fazedores de samba, a Ponte pode se tornar nos pr\u00f3ximos anos novamente mais uma refer\u00eancia \u00f3tima para a regi\u00e3o da Baixada Fluminense.<\/p>\n<p>___ A Mocidade Independente de Padre Miguel anunciou pra 2020 o enredo sobre a visceral Elza Soares, cria da regi\u00e3o onde a escola existe, na Zona Oeste do Rio. P\u00f4, podia ter sido logo esse ano n\u00e9? Em meio \u00e0 essa bo\u00e7alidade toda no ar j\u00e1 seria logo um vr\u00e1u pesado na cara dos caretas. Enfim&#8230;<\/p>\n<p>___ \u201cBrasil, chegou a vez de ouvir as Marias, Mahins, Marielles, Mal\u00eas&#8230;\u201d<\/p>\n<p>[ heraldo hb \u2013 pitcol\u00e2ndia \u2013 mar\u00e7o 2019<\/p>\n<\/div>\n","protected":false},"excerpt":{"rendered":"<p>___ N\u00e3o tem como n\u00e3o esquecer o hist\u00f3rico desfile da Para\u00edso do Tuiuti no ano passado e a sensacional ala dos manifantoches\u2026 Diagn\u00f3stico debochado e contundente, foi uma porrada t\u00e3o forte e t\u00e3o bem dada que n\u00e3o foi \u00e0 toa&#8230;<br \/><a class=\"read-more-button\" href=\"https:\/\/relinkare.org\/site\/comentarios-sobre-escolas-de-samba-2019-parte-1\/\">Leia mais&#8230;<\/a><\/p>\n","protected":false},"author":1,"featured_media":0,"comment_status":"open","ping_status":"open","sticky":false,"template":"","format":"standard","meta":{"_kadence_starter_templates_imported_post":false,"footnotes":""},"categories":[22,7,215],"tags":[83,226,227,28],"class_list":["post-837","post","type-post","status-publish","format-standard","hentry","category-musica","category-pitaco","category-pitacolandia","tag-carnaval","tag-escolas-de-samba","tag-pitacolandia","tag-rio-de-janeiro"],"views":1869,"_links":{"self":[{"href":"https:\/\/relinkare.org\/site\/wp-json\/wp\/v2\/posts\/837","targetHints":{"allow":["GET"]}}],"collection":[{"href":"https:\/\/relinkare.org\/site\/wp-json\/wp\/v2\/posts"}],"about":[{"href":"https:\/\/relinkare.org\/site\/wp-json\/wp\/v2\/types\/post"}],"author":[{"embeddable":true,"href":"https:\/\/relinkare.org\/site\/wp-json\/wp\/v2\/users\/1"}],"replies":[{"embeddable":true,"href":"https:\/\/relinkare.org\/site\/wp-json\/wp\/v2\/comments?post=837"}],"version-history":[{"count":1,"href":"https:\/\/relinkare.org\/site\/wp-json\/wp\/v2\/posts\/837\/revisions"}],"predecessor-version":[{"id":838,"href":"https:\/\/relinkare.org\/site\/wp-json\/wp\/v2\/posts\/837\/revisions\/838"}],"wp:attachment":[{"href":"https:\/\/relinkare.org\/site\/wp-json\/wp\/v2\/media?parent=837"}],"wp:term":[{"taxonomy":"category","embeddable":true,"href":"https:\/\/relinkare.org\/site\/wp-json\/wp\/v2\/categories?post=837"},{"taxonomy":"post_tag","embeddable":true,"href":"https:\/\/relinkare.org\/site\/wp-json\/wp\/v2\/tags?post=837"}],"curies":[{"name":"wp","href":"https:\/\/api.w.org\/{rel}","templated":true}]}}