{"id":80,"date":"2013-06-26T15:46:27","date_gmt":"2013-06-26T15:46:27","guid":{"rendered":"http:\/\/relinkare.org\/site\/?p=80"},"modified":"2021-04-15T00:43:42","modified_gmt":"2021-04-15T00:43:42","slug":"sobre-combate-a-corrupcao-e-passividade-do-brasileiro-dois-toques-pensando-nesse-momento-historico","status":"publish","type":"post","link":"https:\/\/relinkare.org\/site\/sobre-combate-a-corrupcao-e-passividade-do-brasileiro-dois-toques-pensando-nesse-momento-historico\/","title":{"rendered":"Sobre \u201ccombate \u00e0 corrup\u00e7\u00e3o\u201d e passividade do brasileiro \u2013 dois toques pensando nesse momento hist\u00f3rico"},"content":{"rendered":"<p>Para quem nasceu e cresceu na ditadura militar e ainda traz no peito uma f\u00e9 em que as coisas possam ser diferentes no pa\u00eds, esses \u00faltimos dias t\u00eam sido de uma alegria indisfar\u00e7\u00e1vel. Para quem j\u00e1 nasceu e cresceu no p\u00f3s-ditadura e sente na alma a possibilidade de um pa\u00eds diferente, esses \u00faltimos dias t\u00eam sido de um frescor que \u00e9 imposs\u00edvel n\u00e3o ver estampado na cara, saltando feliz dos olhos.<\/p>\n<p>Mas, no caso dos primeiros, \u00e9 bom deixar claro o que \u00e9 um pa\u00eds diferente: aprofundamento da democracia, reforma agr\u00e1ria, distribui\u00e7\u00e3o de renda e uma comunica\u00e7\u00e3o democr\u00e1tica e plural. Muitas s\u00e3o as demandas (Educa\u00e7\u00e3o e Sa\u00fade p\u00fablicas e de qualidade, por exemplo), mas basicamente \u00e9 isso, uma esp\u00e9cie de patamar m\u00ednimo para que o pa\u00eds venha a superar sua hist\u00f3ria de rolo-compressor contra seu povo.<\/p>\n<p>E a\u00ed \u00e9 que saltam dois pontos que t\u00eam sido pouco colocados com a devida clareza nos debates, dadas suas import\u00e2ncias nesse momento.<\/p>\n<p>Com tantos anos de repress\u00e3o, estados de exce\u00e7\u00e3o, terrorismo estatal, massacres, omiss\u00f5es e apagamentos, e mais recentemente, a privatiza\u00e7\u00e3o escandalosa de tudo o que \u00e9 p\u00fablico com direito a deboche e cinismo por parte dos poderosos, \u00e9 compreens\u00edvel que um momento de eclos\u00e3o popular como o que temos visto traga todo o tipo de demanda reprimida para a arena pol\u00edtica. Sem l\u00edderes definidos, com a linha de frente formada principalmente por jovens e com a Rede como principal aliada, as manifesta\u00e7\u00f5es t\u00eam surgido com uma for\u00e7a de uma tsunami, trazendo com ela todo um caldeir\u00e3o de sentimentos, necessidades, vontades e catarses. Compreens\u00edvel.<\/p>\n<p>Mas, h\u00e1 um aspecto preocupante no ar que tem a ver com um tom perigosamente moralista, encaretado e elitista, muita vezes usados por quem sabe do que est\u00e1 falando e muitas vezes repetido por quem vai na emo\u00e7\u00e3o e n\u00e3o reflete um pouco sobre as consequencias disso.<\/p>\n<p>Historicamente, esse discurso \u201cacima dos partidos\u201d, de combate \u00e0 baderna, \u00e0 corrup\u00e7\u00e3o, \u00e0 bandalheira, sempre levou o pa\u00eds para o buraco, per\u00edodos sombrios em que os pobres sempre foram os que mais se lascaram. A vassoura do J\u00e2nio, a Marcha da Fam\u00edlia com Deus e pela Propriedade, a UDN do Lacerda, os militares golpistas, a ca\u00e7a aos maraj\u00e1s do Collor, s\u00e3o alguns dos exemplos de momentos de tensionamentos pol\u00edticos em que esse discurso f\u00e1cil e irracional acabou empurrando o pa\u00eds para momentos sinistros. Por isso \u00e9 sempre bom estar atento, conversando com o coleguinha do lado, levando essa conversa para outras esferas da disputa pol\u00edtica. O combate \u00e0 corrup\u00e7\u00e3o se faz todo o dia e \u00e9 com participa\u00e7\u00e3o popular, com garantia de direitos, com envolvimento em lutas por maior controle social; n\u00e3o \u00e9 gritando um discurso vago, sem foco nas causas, sem entender que \u00e9 a pr\u00f3pria m\u00e1quina que est\u00e1 em jogo. A direita adora o discurso contra a corrup\u00e7\u00e3o. Podemos at\u00e9 n\u00e3o identificar mais o que \u00e9 a esquerda hoje, tudo bem; mas a direita, sim, sabemos facilmente quem \u00e9 e ela continua em sua maior parte como sempre foi: extremamente corrupta, elitista, racista e com saudades dos \u201cvelhos tempos\u201d.<\/p>\n<p>Outro ponto a salientar \u00e9 que essas semanas tem colocado em xeque o mito costumeiramente difundido de que o brasileiro \u00e9 um conformado, um ot\u00e1rio sempre manipulado, levado por cacha\u00e7a, samba e futebol. Com muitas varia\u00e7\u00f5es esse \u00e9 um discurso direitoso que tem forte ades\u00e3o principalmente nas camadas m\u00e9dias das grandes cidades; um discurso de quem n\u00e3o entende nada do que \u00e9 o Brasil profundo, o pa\u00eds que n\u00e3o aparece nas telinhas, um povo que tem se reinventado h\u00e1 s\u00e9culos, que tem um p\u00e9 na tradi\u00e7\u00e3o e outro na contemporaneidade, antes mesmo dos te\u00f3ricos bacanas de agora descobrirem e pensarem os conceitos que t\u00eam feito a cabe\u00e7a da rapaziada. Um povo do tambor e do computador, mesmo quando esse n\u00e3o chega a todos como deveria.<\/p>\n<p>Um povo que dan\u00e7a, que festeja, que sabe viver, que trabalha duro, que faz a melhor m\u00fasica do mundo, que \u00e9 ordeiro sim, porque \u00e9 generoso. Isso n\u00e3o \u00e9 sin\u00f4nimo de passividade nem nunca foi. Talvez \u2013 veja bem, talvez \u2013 tenhamos criado gera\u00e7\u00f5es mais desconectadas da participa\u00e7\u00e3o pol\u00edtica a partir do trauma pesado da ditadura militar, que teve seu decl\u00ednio justamente quando o american way of life estava sendo massificado ao extremo pelo monop\u00f3lio da m\u00eddia. Mas, \u00e9 uma suposi\u00e7\u00e3o, uma vez que, ainda assim, manifesta\u00e7\u00f5es cr\u00edticas continuaram rolando em todo o pa\u00eds mesmo nesse per\u00edodo p\u00f3s-ditadura e pr\u00e9-Internet.<\/p>\n<p>A Hist\u00f3ria do Brasil \u00e9 fartamente recheada de resist\u00eancias e lutas pela liberdade e pela participa\u00e7\u00e3o pol\u00edtica mais ampla, movimentos hist\u00f3ricos duramente reprimidos pelo aparato escravocrata e concentrador de renda, cujos herdeiros continuam por a\u00ed como fantasmas a assombrar nossa democracia. A Balaiada, a Confedera\u00e7\u00e3o dos Tamoios, a Sabinada, a revolu\u00e7\u00e3o Farroupilha, Canudos, a Rep\u00fablica Guarani, a Cabanada, a Revolta dos Mal\u00eas, dos Muckers, do Vint\u00e9m, da Chibata, da Vacina; a Praieira, a resist\u00eancia ao Bota-Abaixo, a Coluna Prestes, as revoltas contra a carestia e o saque popular de 1962\u2026 A organiza\u00e7\u00e3o de centenas de mocambos e quilombos pelo pa\u00eds afora, onde s\u00f3 Palmares durou mais de cem anos\u2026 Os v\u00e1rios levantes dos tupinamb\u00e1s, dos cariris, dos aimor\u00e9s, dos potiguares; a Conjura\u00e7\u00e3o Baiana, o impeachment do Collor, as frentes de resist\u00eancia \u00e0 ditadura\u2026. E os quebra-quebras contra a situa\u00e7\u00e3o humilhante dos trens, os protestos contra os servi\u00e7os das barcas, a luta contra as remo\u00e7\u00f5es arbitr\u00e1rias, as diversas frentes do Movimento Popular por Moradia, o heroico MST, o maior movimento popular organizado do mundo, hoje covardemente criminalizado pela grande m\u00eddia brasileira\u2026<\/p>\n<p>O Brasil vem se construindo, reinventando, improvisando, trabalhando e experimentando um jeito de estar no mundo que \u00e9 diverso e empolgante. Mas, n\u00e3o custa ficar atento, se n\u00e3o a gente vai repetindo o discurso dos que representam at\u00e9 hoje o atraso, a infelicidade e a barb\u00e1rie.<\/p>\n","protected":false},"excerpt":{"rendered":"<p>Para quem nasceu e cresceu na ditadura militar e ainda traz no peito uma f\u00e9 em que as coisas possam ser diferentes no pa\u00eds, esses \u00faltimos dias t\u00eam sido de uma alegria indisfar\u00e7\u00e1vel. Para quem j\u00e1 nasceu e cresceu no&#8230;<br \/><a class=\"read-more-button\" href=\"https:\/\/relinkare.org\/site\/sobre-combate-a-corrupcao-e-passividade-do-brasileiro-dois-toques-pensando-nesse-momento-historico\/\">Leia mais&#8230;<\/a><\/p>\n","protected":false},"author":1,"featured_media":0,"comment_status":"open","ping_status":"open","sticky":false,"template":"","format":"standard","meta":{"_kadence_starter_templates_imported_post":false,"footnotes":""},"categories":[7,215],"tags":[],"class_list":["post-80","post","type-post","status-publish","format-standard","hentry","category-pitaco","category-pitacolandia"],"views":2557,"_links":{"self":[{"href":"https:\/\/relinkare.org\/site\/wp-json\/wp\/v2\/posts\/80","targetHints":{"allow":["GET"]}}],"collection":[{"href":"https:\/\/relinkare.org\/site\/wp-json\/wp\/v2\/posts"}],"about":[{"href":"https:\/\/relinkare.org\/site\/wp-json\/wp\/v2\/types\/post"}],"author":[{"embeddable":true,"href":"https:\/\/relinkare.org\/site\/wp-json\/wp\/v2\/users\/1"}],"replies":[{"embeddable":true,"href":"https:\/\/relinkare.org\/site\/wp-json\/wp\/v2\/comments?post=80"}],"version-history":[{"count":1,"href":"https:\/\/relinkare.org\/site\/wp-json\/wp\/v2\/posts\/80\/revisions"}],"predecessor-version":[{"id":81,"href":"https:\/\/relinkare.org\/site\/wp-json\/wp\/v2\/posts\/80\/revisions\/81"}],"wp:attachment":[{"href":"https:\/\/relinkare.org\/site\/wp-json\/wp\/v2\/media?parent=80"}],"wp:term":[{"taxonomy":"category","embeddable":true,"href":"https:\/\/relinkare.org\/site\/wp-json\/wp\/v2\/categories?post=80"},{"taxonomy":"post_tag","embeddable":true,"href":"https:\/\/relinkare.org\/site\/wp-json\/wp\/v2\/tags?post=80"}],"curies":[{"name":"wp","href":"https:\/\/api.w.org\/{rel}","templated":true}]}}