{"id":601,"date":"2016-12-14T02:01:20","date_gmt":"2016-12-14T02:01:20","guid":{"rendered":"http:\/\/relinkare.org\/site\/?p=601"},"modified":"2021-04-15T00:01:52","modified_gmt":"2021-04-15T00:01:52","slug":"131216-um-dia-de-tristeza-e-raiva-pra-lembrar","status":"publish","type":"post","link":"https:\/\/relinkare.org\/site\/131216-um-dia-de-tristeza-e-raiva-pra-lembrar\/","title":{"rendered":"13\/12\/16 &#8211; um dia de tristeza e raiva pra lembrar"},"content":{"rendered":"<p>Exatamemente no dia em que se lembra do Ato Institucional n\u00famero 5, o famigerado AI-5, que elevou ao m\u00e1ximo a selvageria sanguin\u00e1ria montada na m\u00e1quina do Estado pela ditadura civil-militar de 64&#8230; Justo hoje, um bando de bandidos decreta que os pobres brasileiros tem mais \u00e9 que morrer mesmo. Esse bando mesmo que jamais colocaria esse nefasto pra ser avaliado pela popula\u00e7\u00e3o ou disputando uma elei\u00e7\u00e3o, uma vez que historicamente esse setores s\u00f3 conseguiram impor suas pautas na base do golpe.<\/p>\n<p>E esse golpe \u00e9 sinistro ao extremo e muito bem orquestrado. Como est\u00e1 na imin\u00eancia do vampiro obsessor presidente cair, as for\u00e7as que bancam o golpe correm pra destruir todas as conquistas minimamente conseguidas nos \u00faltimos anos, o m\u00e1ximo de perversidade que der pra passar antes de qualquer possibilidade de rea\u00e7\u00e3o.<\/p>\n<p>E \u00c9 UM GOLPE com \u00e1udios explicativos (principalmente os do Juc\u00e1 e o do pr\u00f3prio ileg\u00edtimo), com depoimentos, com dela\u00e7\u00f5es, com gr\u00e1ficos, explanado com clareza e sendo ao mesmo tempo dilu\u00eddo e perfumado pelo bra\u00e7o midi\u00e1tico do conluio golpista.<\/p>\n<p>Misto de revolta e tristeza em ver tantos amigos, conhecidos, parentes \u2013 POBRES, ASSALARIADOS &#8211; que lamentavelmente apoiaram esse processo, mesmo com tanta gente avisando que eram n\u00edtidas as inten\u00e7\u00f5es dessa quadrilha. Pensar que v\u00e1rios amigos estariam em 64 pedindo o golpe na Marcha com Deus e a Fam\u00edlia pela Liberdade \u00e9 de lascar o cano da aorta&#8230;<\/p>\n<p>O presidente da sess\u00e3o de 17 de abril na C\u00e2mara, eduardo cunha, o nefasto, preso; o presidente da sess\u00e3o no Senado, delatado at\u00e9 o fio do cabelo, o STF acovardado, como Lula tinha falado e sido criticado; os principais nomes da frente golpista surgindo com seus toscos apelidos nus e crus, sujos at\u00e9 o talo; com uma presidenta deposta sem nenhum crime, s\u00f3 resta mesmo a fala do juc\u00e1 (aka Caju pra odebrecht): \u201cum grande acordo nacional, com o Supremo, com tudo\u201d.<\/p>\n<p>Quem sempre foi de lutar, vai lutar sempre. Mas que d\u00e1 uma tristeza, um cansa\u00e7o, viver o que rolou hoje d\u00e1.<\/p>\n<p>Pra terminar: amigos e amigas dessa bolha, vamo nos cuidar pra n\u00e3o ficar (mais) doentes e vamo nessa que a bola t\u00e1 em campo ainda.<\/p>\n<p>&#8211;<\/p>\n<p><img loading=\"lazy\" decoding=\"async\" class=\"alignnone size-full wp-image-602\" src=\"http:\/\/relinkare.org\/site\/wp-content\/uploads\/2016\/12\/apelidos-golpitas.jpg\" alt=\"apelidos golpitas\" width=\"480\" height=\"480\" srcset=\"https:\/\/relinkare.org\/site\/wp-content\/uploads\/2016\/12\/apelidos-golpitas.jpg 480w, https:\/\/relinkare.org\/site\/wp-content\/uploads\/2016\/12\/apelidos-golpitas-150x150.jpg 150w\" sizes=\"auto, (max-width: 480px) 100vw, 480px\" \/><\/p>\n","protected":false},"excerpt":{"rendered":"<p>Exatamemente no dia em que se lembra do Ato Institucional n\u00famero 5, o famigerado AI-5, que elevou ao m\u00e1ximo a selvageria sanguin\u00e1ria montada na m\u00e1quina do Estado pela ditadura civil-militar de 64&#8230; Justo hoje, um bando de bandidos decreta que&#8230;<br \/><a class=\"read-more-button\" href=\"https:\/\/relinkare.org\/site\/131216-um-dia-de-tristeza-e-raiva-pra-lembrar\/\">Leia mais&#8230;<\/a><\/p>\n","protected":false},"author":1,"featured_media":0,"comment_status":"open","ping_status":"open","sticky":false,"template":"","format":"standard","meta":{"_kadence_starter_templates_imported_post":false,"footnotes":""},"categories":[215],"tags":[177,178,58,93,92],"class_list":["post-601","post","type-post","status-publish","format-standard","hentry","category-pitacolandia","tag-177","tag-ai-5","tag-ditadura-militar","tag-golpe","tag-politica-brasileira"],"views":2588,"_links":{"self":[{"href":"https:\/\/relinkare.org\/site\/wp-json\/wp\/v2\/posts\/601","targetHints":{"allow":["GET"]}}],"collection":[{"href":"https:\/\/relinkare.org\/site\/wp-json\/wp\/v2\/posts"}],"about":[{"href":"https:\/\/relinkare.org\/site\/wp-json\/wp\/v2\/types\/post"}],"author":[{"embeddable":true,"href":"https:\/\/relinkare.org\/site\/wp-json\/wp\/v2\/users\/1"}],"replies":[{"embeddable":true,"href":"https:\/\/relinkare.org\/site\/wp-json\/wp\/v2\/comments?post=601"}],"version-history":[{"count":2,"href":"https:\/\/relinkare.org\/site\/wp-json\/wp\/v2\/posts\/601\/revisions"}],"predecessor-version":[{"id":604,"href":"https:\/\/relinkare.org\/site\/wp-json\/wp\/v2\/posts\/601\/revisions\/604"}],"wp:attachment":[{"href":"https:\/\/relinkare.org\/site\/wp-json\/wp\/v2\/media?parent=601"}],"wp:term":[{"taxonomy":"category","embeddable":true,"href":"https:\/\/relinkare.org\/site\/wp-json\/wp\/v2\/categories?post=601"},{"taxonomy":"post_tag","embeddable":true,"href":"https:\/\/relinkare.org\/site\/wp-json\/wp\/v2\/tags?post=601"}],"curies":[{"name":"wp","href":"https:\/\/api.w.org\/{rel}","templated":true}]}}