{"id":463,"date":"2016-07-20T00:27:35","date_gmt":"2016-07-20T00:27:35","guid":{"rendered":"http:\/\/relinkare.org\/site\/?p=463"},"modified":"2021-04-15T00:29:22","modified_gmt":"2021-04-15T00:29:22","slug":"sobre-a-morte-de-papete-lembrando-de-bandeira-de-aco","status":"publish","type":"post","link":"https:\/\/relinkare.org\/site\/sobre-a-morte-de-papete-lembrando-de-bandeira-de-aco\/","title":{"rendered":"Sobre a morte de Papete e a lembran\u00e7a do disco Bandeira de A\u00e7o"},"content":{"rendered":"<p>Conversando hoje\u00a0com uma querida amiga maranhense, fico sabendo da morte recente, dois meses, do grande <strong>Papete<\/strong>, aos 68 anos, \u00edcone da m\u00fasica maranhense, um dos articuladores do disco legend\u00e1rio <strong>Bandeira de A\u00e7o<\/strong>, de 1978.<\/p>\n<p>Bandeira de A\u00e7o \u00e9 um disco que \u00e9 muito mais que m\u00fasica. \u00c9 um s\u00edmbolo de resist\u00eancia, de consci\u00eancia dos timbres caracter\u00edsticos de uma regi\u00e3o e uma busca pela s\u00edntese do caldo grosso da Cultura produzida no Maranh\u00e3o. Fora que \u00e9 uma daquelas paradas de galera, de patota, como tantas coisas que produziram tantos trabalhos marcantes na hist\u00f3ria da m\u00fasica no pa\u00eds. Por exemplo, foi com esse disco que muita gente entrou em contato com compositores de alt\u00edssimo calibre como <strong>Josias Sobrinho, S\u00e9rgio Habibe e C\u00e9sar Teixeira<\/strong> (costumo tocar no viol\u00e3o umas m\u00fasicas do C\u00e9sar, ali\u00e1s). <strong>Engenho de Flores e Dente de Ouro<\/strong>, do Josias, por exemplo, s\u00e3o can\u00e7\u00f5es bem conhecidas at\u00e9 por quem n\u00e3o conhece o disco.<\/p>\n<p>Durante minha vida pude constatar o impacto desse disco vindo de v\u00e1rias fontes e cita\u00e7\u00f5es e s\u00f3 por isso j\u00e1 o colocaria entre os discos que considero mais importantes na nossa musicografia. Lembro assim de cabe\u00e7a, por exemplo, o Zeca Baleiro falando disso, como o disco pirou sua cabe\u00e7a e o influenciou.<\/p>\n<p>Pra homenagear o cara, colo aqui no final do post um texto maneiro de Penha de Castro, mais o disco Bandeira de A\u00e7o inteiro pra ouvir no youtube e pra baixar as m\u00fasicas em mp3; o document\u00e1rio sobre os 35 anos do lan\u00e7amento disco e um link com uma an\u00e1lise bastante detalhada pra quem quiser se aprofundar na m\u00fasica popular maranhense.<\/p>\n<p>Valeu, Papete! E viva o Maranh\u00e3o!<\/p>\n<p><a href=\"https:\/\/pt.wikipedia.org\/wiki\/Papete\" target=\"_blank\" rel=\"noopener\"><strong>Papete<\/strong> &#8211;\u00a0https:\/\/pt.wikipedia.org\/wiki\/Papete<\/a><\/p>\n<p><strong>Cesar Teixeira<\/strong> &#8211;\u00a0<a href=\"http:\/\/dicionariompb.com.br\/cesar-teixeira\" target=\"_blank\" rel=\"noopener\">http:\/\/dicionariompb.com.br\/cesar-teixeira<\/a><\/p>\n<p><strong>V\u00e1rios textos sobre m\u00fasica do Maranh\u00e3o<\/strong> &#8211;\u00a0<a href=\"https:\/\/zemaribeiro.wordpress.com\/tag\/bandeira-de-aco\/\" target=\"_blank\" rel=\"noopener\">https:\/\/zemaribeiro.wordpress.com\/tag\/bandeira-de-aco\/<\/a><\/p>\n<p>Pra baixar o disco em mp3:\u00a0<a href=\"http:\/\/www.mediafire.com\/download\/6e6n02afp01dfh7\/1978+-+Bandeira+de+a%C3%A7o.zip\" target=\"_blank\" rel=\"noopener\">http:\/\/www.mediafire.com\/download\/6e6n02afp01dfh7\/1978+-+Bandeira+de+a%C3%A7o.zip<\/a><\/p>\n<p><iframe loading=\"lazy\" width=\"1130\" height=\"636\" src=\"https:\/\/www.youtube.com\/embed\/U_6iUShotRc?feature=oembed\" frameborder=\"0\" allowfullscreen><\/iframe><\/p>\n<p><iframe loading=\"lazy\" width=\"1130\" height=\"636\" src=\"https:\/\/www.youtube.com\/embed\/FQjRDj_eI90?feature=oembed\" frameborder=\"0\" allowfullscreen><\/iframe><\/p>\n<div id=\"attachment_465\" style=\"width: 610px\" class=\"wp-caption alignnone\"><img loading=\"lazy\" decoding=\"async\" aria-describedby=\"caption-attachment-465\" class=\"size-full wp-image-465\" src=\"http:\/\/relinkare.org\/site\/wp-content\/uploads\/2016\/07\/bandeira_aco-capa.jpg\" alt=\"bandeira de a\u00e7o - Papete\" width=\"600\" height=\"604\" srcset=\"https:\/\/relinkare.org\/site\/wp-content\/uploads\/2016\/07\/bandeira_aco-capa.jpg 600w, https:\/\/relinkare.org\/site\/wp-content\/uploads\/2016\/07\/bandeira_aco-capa-150x150.jpg 150w, https:\/\/relinkare.org\/site\/wp-content\/uploads\/2016\/07\/bandeira_aco-capa-580x584.jpg 580w\" sizes=\"auto, (max-width: 600px) 100vw, 600px\" \/><p id=\"caption-attachment-465\" class=\"wp-caption-text\">Bandeira de A\u00e7o &#8211; capa<\/p><\/div>\n<div id=\"attachment_466\" style=\"width: 610px\" class=\"wp-caption alignnone\"><img loading=\"lazy\" decoding=\"async\" aria-describedby=\"caption-attachment-466\" class=\"size-full wp-image-466\" src=\"http:\/\/relinkare.org\/site\/wp-content\/uploads\/2016\/07\/encarte_Bandeira-de-Aco_Papete.jpg\" alt=\"Bandeira de A\u00e7o - Papete - contra-capa\" width=\"600\" height=\"344\" srcset=\"https:\/\/relinkare.org\/site\/wp-content\/uploads\/2016\/07\/encarte_Bandeira-de-Aco_Papete.jpg 600w, https:\/\/relinkare.org\/site\/wp-content\/uploads\/2016\/07\/encarte_Bandeira-de-Aco_Papete-580x333.jpg 580w\" sizes=\"auto, (max-width: 600px) 100vw, 600px\" \/><p id=\"caption-attachment-466\" class=\"wp-caption-text\">Bandeira de A\u00e7o &#8211; Papete &#8211; contra-capa<\/p><\/div>\n","protected":false},"excerpt":{"rendered":"<p>Conversando hoje\u00a0com uma querida amiga maranhense, fico sabendo da morte recente, dois meses, do grande Papete, aos 68 anos, \u00edcone da m\u00fasica maranhense, um dos articuladores do disco legend\u00e1rio Bandeira de A\u00e7o, de 1978. Bandeira de A\u00e7o \u00e9 um disco&#8230;<br \/><a class=\"read-more-button\" href=\"https:\/\/relinkare.org\/site\/sobre-a-morte-de-papete-lembrando-de-bandeira-de-aco\/\">Leia mais&#8230;<\/a><\/p>\n","protected":false},"author":1,"featured_media":0,"comment_status":"open","ping_status":"open","sticky":false,"template":"","format":"standard","meta":{"_kadence_starter_templates_imported_post":false,"footnotes":""},"categories":[19,18,22,215],"tags":[125,124,122,40,121,123],"class_list":["post-463","post","type-post","status-publish","format-standard","hentry","category-cinemavideo","category-dica","category-musica","category-pitacolandia","tag-bandeira-de-aco","tag-cesar-teixeira","tag-maranhao","tag-musica","tag-musica-maranhense","tag-papete"],"views":3461,"_links":{"self":[{"href":"https:\/\/relinkare.org\/site\/wp-json\/wp\/v2\/posts\/463","targetHints":{"allow":["GET"]}}],"collection":[{"href":"https:\/\/relinkare.org\/site\/wp-json\/wp\/v2\/posts"}],"about":[{"href":"https:\/\/relinkare.org\/site\/wp-json\/wp\/v2\/types\/post"}],"author":[{"embeddable":true,"href":"https:\/\/relinkare.org\/site\/wp-json\/wp\/v2\/users\/1"}],"replies":[{"embeddable":true,"href":"https:\/\/relinkare.org\/site\/wp-json\/wp\/v2\/comments?post=463"}],"version-history":[{"count":12,"href":"https:\/\/relinkare.org\/site\/wp-json\/wp\/v2\/posts\/463\/revisions"}],"predecessor-version":[{"id":1122,"href":"https:\/\/relinkare.org\/site\/wp-json\/wp\/v2\/posts\/463\/revisions\/1122"}],"wp:attachment":[{"href":"https:\/\/relinkare.org\/site\/wp-json\/wp\/v2\/media?parent=463"}],"wp:term":[{"taxonomy":"category","embeddable":true,"href":"https:\/\/relinkare.org\/site\/wp-json\/wp\/v2\/categories?post=463"},{"taxonomy":"post_tag","embeddable":true,"href":"https:\/\/relinkare.org\/site\/wp-json\/wp\/v2\/tags?post=463"}],"curies":[{"name":"wp","href":"https:\/\/api.w.org\/{rel}","templated":true}]}}