{"id":387,"date":"2016-03-14T23:40:54","date_gmt":"2016-03-14T23:40:54","guid":{"rendered":"http:\/\/relinkare.org\/site\/?p=387"},"modified":"2016-03-14T23:42:55","modified_gmt":"2016-03-14T23:42:55","slug":"lancamento-do-livro-rio-2065","status":"publish","type":"post","link":"https:\/\/relinkare.org\/site\/lancamento-do-livro-rio-2065\/","title":{"rendered":"Lan\u00e7amento do livro Rio 2065"},"content":{"rendered":"<p>Essa semana acontece o lan\u00e7amento do livro<strong><a href=\"https:\/\/www.facebook.com\/events\/1576433536014423\/\" target=\"_blank\"> Rio 2065<\/a><\/strong>, da Editora Casa da Palavra, organizado pelos incans\u00e1veis Ecio Salles e Julio Ludemir.<br \/>\n\u00c9 uma antologia bacana e tem um conto meu l\u00e1 chamado <strong>\/.outros(\u201c$500\u201d);<\/strong><br \/>\nEstar\u00e1 junto com textos de uma galera da pesada, incluindo gente da qual sou fanzoca m\u00eaixmo assumido.<br \/>\nTer\u00e7a-feira, 15\/03, 18h30min, entrada franca, Biblioteca Parque, a eterna &#8220;biblioteca do Brizola&#8221;, ali pertinho da Central.<\/p>\n<p><img loading=\"lazy\" decoding=\"async\" class=\"alignnone size-full wp-image-389\" src=\"http:\/\/relinkare.org\/site\/wp-content\/uploads\/2016\/03\/rio2065-livro.jpg\" alt=\" livro Rio 2065, da Editora Casa da Palavra\" width=\"600\" height=\"857\" srcset=\"https:\/\/relinkare.org\/site\/wp-content\/uploads\/2016\/03\/rio2065-livro.jpg 600w, https:\/\/relinkare.org\/site\/wp-content\/uploads\/2016\/03\/rio2065-livro-580x828.jpg 580w\" sizes=\"auto, (max-width: 600px) 100vw, 600px\" \/><\/p>\n<p>Tem at\u00e9 uma pa\u01f5ina de evento no facebook: <a href=\"https:\/\/www.facebook.com\/events\/1576433536014423\/\" target=\"_blank\">Rio 2065<\/a><\/p>\n","protected":false},"excerpt":{"rendered":"<p>Essa semana acontece o lan\u00e7amento do livro Rio 2065, da Editora Casa da Palavra, organizado pelos incans\u00e1veis Ecio Salles e Julio Ludemir. \u00c9 uma antologia bacana e tem um conto meu l\u00e1 chamado \/.outros(\u201c$500\u201d); Estar\u00e1 junto com textos de uma&#8230;<br \/><a class=\"read-more-button\" href=\"https:\/\/relinkare.org\/site\/lancamento-do-livro-rio-2065\/\">Leia mais&#8230;<\/a><\/p>\n","protected":false},"author":1,"featured_media":389,"comment_status":"open","ping_status":"open","sticky":false,"template":"","format":"standard","meta":{"_kadence_starter_templates_imported_post":false,"footnotes":""},"categories":[23,21],"tags":[89,70,27,88,28],"class_list":["post-387","post","type-post","status-publish","format-standard","has-post-thumbnail","hentry","category-agenda","category-palavra","tag-flupp","tag-heraldo-hb","tag-literatura","tag-rio-2065","tag-rio-de-janeiro"],"views":2659,"_links":{"self":[{"href":"https:\/\/relinkare.org\/site\/wp-json\/wp\/v2\/posts\/387","targetHints":{"allow":["GET"]}}],"collection":[{"href":"https:\/\/relinkare.org\/site\/wp-json\/wp\/v2\/posts"}],"about":[{"href":"https:\/\/relinkare.org\/site\/wp-json\/wp\/v2\/types\/post"}],"author":[{"embeddable":true,"href":"https:\/\/relinkare.org\/site\/wp-json\/wp\/v2\/users\/1"}],"replies":[{"embeddable":true,"href":"https:\/\/relinkare.org\/site\/wp-json\/wp\/v2\/comments?post=387"}],"version-history":[{"count":3,"href":"https:\/\/relinkare.org\/site\/wp-json\/wp\/v2\/posts\/387\/revisions"}],"predecessor-version":[{"id":392,"href":"https:\/\/relinkare.org\/site\/wp-json\/wp\/v2\/posts\/387\/revisions\/392"}],"wp:featuredmedia":[{"embeddable":true,"href":"https:\/\/relinkare.org\/site\/wp-json\/wp\/v2\/media\/389"}],"wp:attachment":[{"href":"https:\/\/relinkare.org\/site\/wp-json\/wp\/v2\/media?parent=387"}],"wp:term":[{"taxonomy":"category","embeddable":true,"href":"https:\/\/relinkare.org\/site\/wp-json\/wp\/v2\/categories?post=387"},{"taxonomy":"post_tag","embeddable":true,"href":"https:\/\/relinkare.org\/site\/wp-json\/wp\/v2\/tags?post=387"}],"curies":[{"name":"wp","href":"https:\/\/api.w.org\/{rel}","templated":true}]}}