{"id":340,"date":"2016-01-22T17:37:49","date_gmt":"2016-01-22T17:37:49","guid":{"rendered":"http:\/\/relinkare.org\/site\/?p=340"},"modified":"2016-01-22T17:53:58","modified_gmt":"2016-01-22T17:53:58","slug":"depoimento-de-joao-pedro-stedile-do-mst-sobre-leonel-brizola","status":"publish","type":"post","link":"https:\/\/relinkare.org\/site\/depoimento-de-joao-pedro-stedile-do-mst-sobre-leonel-brizola\/","title":{"rendered":"Depoimento de Jo\u00e3o Pedro St\u00e9dile, do MST, sobre Leonel Brizola"},"content":{"rendered":"<p>Anivers\u00e1rio de Leonel Brizola, o grande Itagiba, hoje me fez lembrar esse texto que<a href=\"http:\/\/www.pdt.org.br\/index.php\/pdt\/lideres\/verdades-e-mentiras-sobre-o-subdesenvolvimento\/meu-amigo-leonel-brizola\/joao-pedro-stedile\" target=\"_blank\"> Jo\u00e3o Pedro St\u00e9dile escreveu sobre ele<\/a>. Acho um depoimento muito amoroso, uma percep\u00e7\u00e3o muito humana, hist\u00f3rica, fraterna, com certa vibra\u00e7\u00e3o ga\u00facha \ud83d\ude42<\/p>\n<p>&#8211;<\/p>\n<p>&#8220;Trago comigo muitas lembran\u00e7as de nosso querido Brizola. Lembran\u00e7as que vem de longe.<\/p>\n<p>Minha primeira escola no interior de Lagoa vermelha foi constru\u00edda gra\u00e7as a um programa de escolas rurais que havia no governo Brizola, do Rio Grande do Sul, que construiu escolas em todas as comunidades rurais, e que todo mundo chamava de &#8220;brizoletas&#8221;.<\/p>\n<p>Por tanto, desde crian\u00e7a, soube que a prioridade do governador era a educa\u00e7\u00e3o e ele tinha raz\u00e3o. Tenho lembran\u00e7as de acompanhar com meus familiares, l\u00e1 no interior, os programas da r\u00e1dio Farroupilha, nos hist\u00f3ricos epis\u00f3dios da campanha da legalidade de 61, com o governador pedindo pros ga\u00fachos lutarem e defenderem o direito de Jo\u00e3o Goulart assumir a presid\u00eancia. E tinha raz\u00e3o.<\/p>\n<p>Naquela \u00e9poca n\u00e3o conseguia compreender, pela idade e ate por que minha fam\u00edlia camponesa, cat\u00f3lica e conservadora n\u00e3o era do mesmo partido de Brizola, as pol\u00edticas que o governador tomava no estado: de estatizar a companhia telef\u00f4nica americana, ITT. De desapropriar terras dos gringos uruguaios, os Mailios, que eram donos de 32 mil hectares da fazenda Sarandi, de ter criado a primeira sider\u00fargica do estado, de ter cancelado a divida externa do estado&#8230; De apesar de ser um governador t\u00e3o jovem, se comportar de forma simples e humilde, como qualquer cidad\u00e3o ga\u00facho, que chamava aten\u00e7\u00e3o de todo mundo. Talvez por sua origem pobre do interior de Carazinho.<\/p>\n<p>Os contr\u00e1rios, os chimangos, como dizemos no sul, s\u00f3 falavam &#8220;que Brizola estava organizando os grupo de onze, em cada munic\u00edpio, de forma clandestina para implantar o comunismo no Brasil&#8221;.<\/p>\n<p>Veio o golpe militar. E ele teve que amargar o ex\u00edlio. E de novo acertou no destino, foi pro Uruguai e continuou como ga\u00facho, perto de seu povo.<\/p>\n<p>O povo brasileiro amargou uma derrota pol\u00edtica com o golpe militar, e foram longos anos, de descenso do movimento de massas e de repress\u00e3o.<\/p>\n<p>Fui estudar no M\u00e9xico. Em belo dia, por conta das amizades que tinha com Neiva Moreira, Beatriz Bissio, Rui Mauro Marini, Thetotonio dos Santos, Padre Lage, Francisco Juli\u00e3o, Severo Salles, e outros tantos brasileiros queridos que la viviam, pude ent\u00e3o conhecer pessoalmente o governador Brizola. Matei as saudades, com vinte e tantos anos de atraso, da figura lend\u00e1ria que s\u00f3 tinha conhecido por radio. Fiquei impressionado.<\/p>\n<p>Ela andava metido com as ideias de refundar o seu PTB. Naquelas andan\u00e7as, eu j\u00e1 andava mais \u00e0 esquerda. Aprendi com a tradi\u00e7\u00e3o pol\u00edtica ga\u00facha, que dev\u00edamos separar o que eram ideais pol\u00edticos, convic\u00e7\u00f5es doutrin\u00e1rias, com o que significava a figura hist\u00f3rica do governador.<\/p>\n<p>Com ele ouvi e aprendi muitas li\u00e7\u00f5es da luta pela terra no Rio Grande, nos tempos do velho MASTER (Movimento dos Agricultores Sem Terra), que, de certa forma \u00e9 tamb\u00e9m, junto com as Ligas Camponesas e as Ultabs, os av\u00f3s do MST. E com certa raz\u00e3o, Brizola chamava os militantes do MST, de seus netos, pois se orgulhava de haver fundado no Rio Grande, o Master.<\/p>\n<p>Como v\u00eam, me orgulho, e conto isso aos meus filhos de poder ter conhecido e privado de certa amizade, com esse que foi um dos grandes lutadores do povo Brasileiro. Desde os idos de 50 quando se elegeu prefeito de Porto Alegre, at\u00e9 sua viagem definitiva para rever dona Neuza, foi uma pessoa que passou mais de 50 anos, participando em todos os fatos pol\u00edticos importantes da hist\u00f3ria do Brasil.<\/p>\n<p>E participou sempre, de forma apaixonada, corajosa, audaciosa.<\/p>\n<p>Ousada.<\/p>\n<p>Ele faz parte das grandes figuras do s\u00e9culo vinte. Entre os melhores filhos e lutadores de nosso povo.<\/p>\n<p>Grande Briza! Deixou sua marca em nossa historia!<\/p>\n<p>Um abra\u00e7\u00e3o,<br \/>\nJo\u00e3o Pedro Stedile&#8221;<\/p>\n<p>&nbsp;<\/p>\n","protected":false},"excerpt":{"rendered":"<p>Anivers\u00e1rio de Leonel Brizola, o grande Itagiba, hoje me fez lembrar esse texto que Jo\u00e3o Pedro St\u00e9dile escreveu sobre ele. Acho um depoimento muito amoroso, uma percep\u00e7\u00e3o muito humana, hist\u00f3rica, fraterna, com certa vibra\u00e7\u00e3o ga\u00facha \ud83d\ude42 &#8211; &#8220;Trago comigo muitas&#8230;<br \/><a class=\"read-more-button\" href=\"https:\/\/relinkare.org\/site\/depoimento-de-joao-pedro-stedile-do-mst-sobre-leonel-brizola\/\">Leia mais&#8230;<\/a><\/p>\n","protected":false},"author":1,"featured_media":0,"comment_status":"open","ping_status":"open","sticky":false,"template":"","format":"standard","meta":{"_kadence_starter_templates_imported_post":false,"footnotes":""},"categories":[7],"tags":[75,73,72,74],"class_list":["post-340","post","type-post","status-publish","format-standard","hentry","category-pitaco","tag-historia","tag-joao-pedro-stedile","tag-leonel-brizola","tag-mst"],"views":2887,"_links":{"self":[{"href":"https:\/\/relinkare.org\/site\/wp-json\/wp\/v2\/posts\/340","targetHints":{"allow":["GET"]}}],"collection":[{"href":"https:\/\/relinkare.org\/site\/wp-json\/wp\/v2\/posts"}],"about":[{"href":"https:\/\/relinkare.org\/site\/wp-json\/wp\/v2\/types\/post"}],"author":[{"embeddable":true,"href":"https:\/\/relinkare.org\/site\/wp-json\/wp\/v2\/users\/1"}],"replies":[{"embeddable":true,"href":"https:\/\/relinkare.org\/site\/wp-json\/wp\/v2\/comments?post=340"}],"version-history":[{"count":2,"href":"https:\/\/relinkare.org\/site\/wp-json\/wp\/v2\/posts\/340\/revisions"}],"predecessor-version":[{"id":342,"href":"https:\/\/relinkare.org\/site\/wp-json\/wp\/v2\/posts\/340\/revisions\/342"}],"wp:attachment":[{"href":"https:\/\/relinkare.org\/site\/wp-json\/wp\/v2\/media?parent=340"}],"wp:term":[{"taxonomy":"category","embeddable":true,"href":"https:\/\/relinkare.org\/site\/wp-json\/wp\/v2\/categories?post=340"},{"taxonomy":"post_tag","embeddable":true,"href":"https:\/\/relinkare.org\/site\/wp-json\/wp\/v2\/tags?post=340"}],"curies":[{"name":"wp","href":"https:\/\/api.w.org\/{rel}","templated":true}]}}