{"id":1306,"date":"2026-01-20T05:43:56","date_gmt":"2026-01-20T05:43:56","guid":{"rendered":"https:\/\/relinkare.org\/site\/?p=1306"},"modified":"2026-01-20T19:29:15","modified_gmt":"2026-01-20T19:29:15","slug":"o-ano-da-pauta-extraterrestre","status":"publish","type":"post","link":"https:\/\/relinkare.org\/site\/o-ano-da-pauta-extraterrestre\/","title":{"rendered":"O ANO DA PAUTA EXTRATERRESTRE"},"content":{"rendered":"\n<p>V\u00e1rios conflitos geopol\u00edticos, quase imin\u00eancia de uma terceira guerra mundial, genoc\u00eddios, insanidades da extrema direita pelo mundo, impactos da intelig\u00eancia artificial, emerg\u00eancias clim\u00e1ticas, retorno do nazifascismo &#8211; o que n\u00e3o falta no momento s\u00e3o assuntos bomb\u00e1sticos rolando por a\u00ed. Mas \u00e9 bom que voc\u00ea saiba uma coisa: esse \u00e9 o ano da pauta extraterrestre. Independente do que voc\u00ea venha a pensar sobre isso, vai se preparando para uma onda midi\u00e1tica forte, bem forte, acredite.<br>Primeiro que o assunto j\u00e1 \u00e9 nos \u00faltimos anos um ativo que chegou at\u00e9 a ser tema de campanhas eleitorais nos Estados Unidos. Institutos de pesquisa de l\u00e1, por exemplo, j\u00e1 v\u00eam detectando esse fen\u00f4meno a ponto de quase metade da popula\u00e7\u00e3o crer em vida alien\u00edgena inteligente. E corroborando isso, haja a vista a quantidade incr\u00edvel de produ\u00e7\u00f5es audiovisuais, livros, canais de v\u00eddeo nas redes e crescimento exponencial de grupos de debate sobre o assunto.<br>Mas a coisa vai esquentar mesmo \u00e9 quando come\u00e7ar a campanha mundial de lan\u00e7amento do novo filme de Steven Spielberg, previsto para junho desse ano. A\u00ed sim, a expectativa \u00e9 de uma overdose sobre o tema, numa verdadeira inunda\u00e7\u00e3o das salas de Cinema e das rodas de conversa pelo mundo. Filmado em 2024, o filme se chama Disclosure Day ( em portugu\u00eas deve ser Dia D ou Dia da Revela\u00e7\u00e3o, algo assim) e \u00e9 a volta do diretor nesse assunto &#8211; ele que j\u00e1 conquistou o mundo com as megaprodu\u00e7\u00f5es Contatos Imediatos do Terceiro Grau (1977) e ET (1982). Al\u00e9m da cultuada s\u00e9rie Taken, queridinha do cora\u00e7\u00e3o de quem curte essa parada de alien\u00edgenas convivendo com humanos.<br>Fato: a quantidade e o sucesso de s\u00e9ries sobre o assunto nos streamings tem chamado muito a aten\u00e7\u00e3o tamb\u00e9m, s\u00f3 fazer uma uma busca.<br>Da\u00ed que o filme A Era da Revela\u00e7\u00e3o, lan\u00e7ado em 2025 em v\u00e1rias plataformas teve um estrondoso engajamento digital, um fen\u00f4meno mesmo; s\u00f3 o trailer, em poucos meses teve mais de 22 milh\u00f5es de visualiza\u00e7\u00f5es, para ter uma ideia. A produ\u00e7\u00e3o traz uma lista grande de autoridades e militares falando sobre o tema, aproveitando o rastro das audi\u00eancias p\u00fablicas babadeiras que rolaram no Congresso nos \u00faltimos tr\u00eas anos.<br>J\u00e1 o Moment of Contact, de 2022, do documentarista James Fox, tamb\u00e9m teve grande repercuss\u00e3o nas redes, a ponto de ter uma aguardada segunda parte, que estreia nos pr\u00f3ximos meses desse ano tamb\u00e9m.<br>Esse filme, ali\u00e1s, trata do caso brasileiro do nosso j\u00e1 folcl\u00f3rico e querido et\u00ea de Varginha e o diretor, que veio ao Brasil, tem alardeado que a fita trar\u00e1 novidades sobre o caso. Apesar de ter acabado de sair um document\u00e1rio recente da Globo sobre o incidente, aqui essa hist\u00f3ria j\u00e1 n\u00e3o rende mais tanta conversa assim (pelo menos n\u00e3o estava rendendo); mas ao que parece por l\u00e1 nos est\u00eaites o interesse est\u00e1 bem em alta.<br>Ali\u00e1s, no Brasil, o tema j\u00e1 teria tudo para estar nas bocas e nas m\u00eddias por conta de efem\u00e9rides curiosas, como os trinta anos desse \u201cCaso Varginha\u201d e os quarenta anos do epis\u00f3dio conhecido com a &#8220;Noite Oficial dos OVNIs&#8221; \u2013 al\u00e9m da tamb\u00e9m famosa &#8220;Opera\u00e7\u00e3o Prato&#8221;, que ano que vem completa cinquenta anos. S\u00e3o tr\u00eas casos que costumam causar furor nos entusiastas do assunto pelo mundo a fora. Por aqui ao que parece os efeitos dessa onda que vem a\u00ed ser\u00e3o intensos, ainda mais j\u00e1 tendo uma galera que pede ajuda a alien\u00edgenas apontando lanternas de celulares para o c\u00e9u hehe\u2026<br>Ali\u00e1s, h\u00e1 um aspecto curioso quando esse assunto \u00e9 tocado, bom de analisar quando se pensa em pol\u00edtica e gente fora da casinha, usando o exemplo dos EUA. O YouGov, um dos institutos de pesquisa de l\u00e1, mostrou que 47% dos estadunidenses acreditam em aliens e na imin\u00eancia de algum tipo de contato, que \u00e9 um dado acachapante. E n\u00e3o pense que \u00e9 coisa somente dos doidinhos chap\u00e9u-de-alum\u00ednio, em geral tioz\u00f5es direitistas\u2026 O YouGov cruzou a pesquisa com as orienta\u00e7\u00f5es partid\u00e1rias de l\u00e1 e os resultados s\u00e3o igualmente distribu\u00eddos entre republicanos, democratas e independentes (https:\/\/today.yougov.com\/\u2026\/53486-half-of-americans\u2026). A coisa \u00e9 t\u00e3o doida que chegou a ser tema da campanha presidencial por l\u00e1 e at\u00e9 candidatos ao Congresso colocaram o trabalho por um poss\u00edvel &#8220;desacobertamento&#8221; do assunto como item de plataforma pol\u00edtica. No Brasil as duas audi\u00eancias p\u00fablicas sobre o assunto no Congresso foram puxadas uma pelo senador Eduardo Gir\u00e3o e a outra pelo deputado Chico Alencar, olha que coisa. Extraterrestre parece ser assunto bem democr\u00e1tico.<br>\u00c9 isso, gente. E louco \u00e9 que se sabe que nos anos de 1952 a 1954 houve uma onda midi\u00e1tica dessas sobre extraterrestres a ponto de quase causarem como\u00e7\u00e3o p\u00fablica em alguns pa\u00edses, com autoridades governamentais tendo que acalmar a popula\u00e7\u00e3o, segundo jornais da \u00e9poca. E olha que n\u00e3o existiam as redes sociais digitais, tal qual hoje. Imagina o que vem por a\u00ed.<br>Pensar que no Brasil teremos elei\u00e7\u00f5es com deep fakes a rodo, copa do mundo, feriad\u00f5es e mais essas turbul\u00eancias no planeta e ainda vamos ter essa doideira extraterrestre no meio de campo. Vai ver que \u00e9 at\u00e9 uma boa, caso \u201celes\u201d estejam mesmo pra chegar, que cheguem logo.<\/p>\n\n\n\n<h2 class=\"wp-block-heading\">A ver.<\/h2>\n\n\n\n<p>[ @heraldohb \u2013 pitacol\u00e2ndia \u2013 janeiro de 26 ]<\/p>\n","protected":false},"excerpt":{"rendered":"<p>V\u00e1rios conflitos geopol\u00edticos, quase imin\u00eancia de uma terceira guerra mundial, genoc\u00eddios, insanidades da extrema direita pelo mundo, impactos da intelig\u00eancia artificial, emerg\u00eancias clim\u00e1ticas, retorno do nazifascismo &#8211; o que n\u00e3o falta no momento s\u00e3o assuntos bomb\u00e1sticos rolando por a\u00ed. Mas&#8230;<br \/><a class=\"read-more-button\" href=\"https:\/\/relinkare.org\/site\/o-ano-da-pauta-extraterrestre\/\">Leia mais&#8230;<\/a><\/p>\n","protected":false},"author":1,"featured_media":1308,"comment_status":"open","ping_status":"open","sticky":false,"template":"","format":"standard","meta":{"_kadence_starter_templates_imported_post":false,"footnotes":""},"categories":[215],"tags":[],"class_list":["post-1306","post","type-post","status-publish","format-standard","has-post-thumbnail","hentry","category-pitacolandia"],"views":229,"_links":{"self":[{"href":"https:\/\/relinkare.org\/site\/wp-json\/wp\/v2\/posts\/1306","targetHints":{"allow":["GET"]}}],"collection":[{"href":"https:\/\/relinkare.org\/site\/wp-json\/wp\/v2\/posts"}],"about":[{"href":"https:\/\/relinkare.org\/site\/wp-json\/wp\/v2\/types\/post"}],"author":[{"embeddable":true,"href":"https:\/\/relinkare.org\/site\/wp-json\/wp\/v2\/users\/1"}],"replies":[{"embeddable":true,"href":"https:\/\/relinkare.org\/site\/wp-json\/wp\/v2\/comments?post=1306"}],"version-history":[{"count":1,"href":"https:\/\/relinkare.org\/site\/wp-json\/wp\/v2\/posts\/1306\/revisions"}],"predecessor-version":[{"id":1309,"href":"https:\/\/relinkare.org\/site\/wp-json\/wp\/v2\/posts\/1306\/revisions\/1309"}],"wp:featuredmedia":[{"embeddable":true,"href":"https:\/\/relinkare.org\/site\/wp-json\/wp\/v2\/media\/1308"}],"wp:attachment":[{"href":"https:\/\/relinkare.org\/site\/wp-json\/wp\/v2\/media?parent=1306"}],"wp:term":[{"taxonomy":"category","embeddable":true,"href":"https:\/\/relinkare.org\/site\/wp-json\/wp\/v2\/categories?post=1306"},{"taxonomy":"post_tag","embeddable":true,"href":"https:\/\/relinkare.org\/site\/wp-json\/wp\/v2\/tags?post=1306"}],"curies":[{"name":"wp","href":"https:\/\/api.w.org\/{rel}","templated":true}]}}