{"id":1222,"date":"2022-11-02T15:17:01","date_gmt":"2022-11-02T15:17:01","guid":{"rendered":"https:\/\/relinkare.org\/site\/?p=1222"},"modified":"2023-10-02T02:58:57","modified_gmt":"2023-10-02T02:58:57","slug":"luana-lula-e-os-cem-anos-de-lima","status":"publish","type":"post","link":"https:\/\/relinkare.org\/site\/luana-lula-e-os-cem-anos-de-lima\/","title":{"rendered":"LUANA, LULA E OS CEM ANOS DE LIMA"},"content":{"rendered":"\n<p>Ontem, segunda-feira, em algum momento, o nome da atriz Luana Piovanni apareceu nos <em>trend topics<\/em> do twitter e vi que era por conta de alguma treta com o pai de sua filha, algo assim, n\u00e3o me atentei, nem me interessei muito, mas confesso que fui com a mente l\u00e1 atr\u00e1s e me lembrei de um epis\u00f3dio corriqueiro antigo sobre a mo\u00e7a. J\u00e1 era por volta do golpe, o pa\u00eds afundando, mil demandas, e em alguma entrevista, ou post em rede social, a mo\u00e7a reclamava, uma reclama\u00e7\u00e3o at\u00e9 sincera, <em>white people problems<\/em> total, sobre a cobran\u00e7a di\u00e1ria por post de engajamento na internet por parte de pessoas p\u00fablicas, de posicionamentos pol\u00edticos a todo o momento. Segundo ela, a avalanche de causas sociais n\u00e3o estavam deixando espa\u00e7o pra uma simples foto de biqu\u00edni, sem que fosse criticada e chamada de alienada. N\u00e3o tenho nenhuma simpatia pela atriz, mas achei engra\u00e7ado na \u00e9poca.<br>E isso me fez lembrar uma sensa\u00e7\u00e3o que me veio com a elei\u00e7\u00e3o do Lula no domingo\u2026 S\u00e9rio. A impress\u00e3o de que passado esse momento pesado da extrema-direita no poder, em algum momento l\u00e1 na frente poderemos voltar a um m\u00ednimo de normalidade, de conquista de um ambiente onde a gente possa publicar posts sobre as coisas que nos tocam, sem necessariamente estar no espectro da urg\u00eancia de milit\u00e2ncia. Soa engra\u00e7ado, mas \u00e9 um sentimento genu\u00edno.<br>E isso tudo pra dizer, de forma exemplar, que hoje \u00e0 noite me veio uma lembran\u00e7a que remete a tanta coisa que me d\u00e1 vontade de escrever e que nos \u00faltimos seis anos foram por vezes desencorajadas em meio \u00e0s avassaladoras not\u00edcias que a pol\u00edtica nos traziam.<br>Esta noite, por exemplo, 01 de novembro, completam-se cem anos de nascimento do escritor Lima Barreto. Um dos n\u00famero um. Imenso Lima. O cara. Nunca conseguirei traduzir a for\u00e7a de Lima Barreto em tudo o que vim a ser no mundo.<br>Leio Literatura cada vez menos hoje em dia, mas quando moleque era uma coisa que me constru\u00eda direto, me acendia luzes e instigava. Machado de Assis era um que me influenciou bastante e come\u00e7ou a dar pistas sobre o que tava debaixo do tapete da constru\u00e7\u00e3o do que era o pa\u00eds. E como era poss\u00edvel usar da ironia e da met\u00e1fora de forma desnudadora. Mas Lima foi impactante e decisivo. Inclusive porque ele na minha vida surgiu primeiro como tema de um samba-enredo da Escola de Samba Unidos da Tijuca quando era moleque, o que chamou muita aten\u00e7\u00e3o. Ali\u00e1s, tenho dois amigos, Renato de Alcantara e e Vitor God\u00f4 Quincas, que sabem a letra inteira desse samba at\u00e9 hoje.<br>Lima Barreto, entre tantas coisas, \u00e9 um diagn\u00f3stico preciso e precioso do Brasil com cem anos de antecipa\u00e7\u00e3o.<br>A vida do povo, a quest\u00e3o da brasilidade, o peso definidor do racismo na sociedade brasileira, a arrog\u00e2ncia da elite, a cr\u00edtica mordaz, ferina at\u00e9, contra a \u201dpose\u201d vazia da intelectualidade da classe m\u00e9dia carioca; o uso genial da ironia, do sarcasmo; a eleg\u00e2ncia no texto e as hist\u00f3rias em si de seus livros. Os Bruzundangas, sensacional; Clara dos Anjos, um vis\u00e3o n\u00edtida sobre a situa\u00e7\u00e3o da mulher negra no pa\u00eds; Triste Fim de Policarpo Quaresma, genial. Sem falar dos contos cl\u00e1ssicos.<br>Ainda tem uma percep\u00e7\u00e3o pessoal de que Lima se deu mal logo de cara, por seu livro de estreia, Recorda\u00e7\u00f5es do Escriv\u00e3o Isa\u00edas Caminha, por bater de frente com a pseudo intelectualidade do Rio de Janeiro da \u00e9poca, denunciando a bo\u00e7alidade e superficialidade da maioria de seus representantes. E tamb\u00e9m por dar uma zoada fort\u00edssima na figura do dono do jornal, que era inspirado em ningu\u00e9m menos do que o Irineu Marinho, pai do Roberto Marinho, que mandou muito nesse pa\u00eds durante d\u00e9cadas. O primeiro romance de Lima j\u00e1 o colocou como um cara n\u00e3o bem quisto nas rodas \u201coficiais\u201d da  carioca e ainda numa lista de indesej\u00e1veis do principal patr\u00e3o do jornalismo da \u00e9poca.<br>J\u00e1 brindei Lima Barreto hoje e aproveitei pra brindar mais uma vez o Luiz In\u00e1cio, na esperan\u00e7a de que teremos no futuro mais espa\u00e7o e mais tes\u00e3o pra escrever sobre tantos assuntos que s\u00e3o despertados pela riqueza imensa de nossa Cultura t\u00e3o pr\u00f3diga de g\u00eanios como Lima.<br>Que a gente continue ligados na pol\u00edtica, que \u00e9 e ser\u00e1 um combate necess\u00e1rio demais, mas que tenhamos tamb\u00e9m espa\u00e7o pra botar nossas fotos de biqu\u00edni de vez em quando.<\/p>\n\n\n\n<p><\/p>\n\n\n\n<p>[ heraldo hb \u2013 pitacol\u00e2ndia \u2013 novembro de 2022 ]<\/p>\n","protected":false},"excerpt":{"rendered":"<p>Ontem, segunda-feira, em algum momento, o nome da atriz Luana Piovanni apareceu nos trend topics do twitter e vi que era por conta de alguma treta com o pai de sua filha, algo assim, n\u00e3o me atentei, nem me interessei&#8230;<br \/><a class=\"read-more-button\" href=\"https:\/\/relinkare.org\/site\/luana-lula-e-os-cem-anos-de-lima\/\">Leia mais&#8230;<\/a><\/p>\n","protected":false},"author":1,"featured_media":1224,"comment_status":"open","ping_status":"open","sticky":false,"template":"","format":"standard","meta":{"_kadence_starter_templates_imported_post":false,"footnotes":""},"categories":[215],"tags":[],"class_list":["post-1222","post","type-post","status-publish","format-standard","has-post-thumbnail","hentry","category-pitacolandia"],"views":1649,"_links":{"self":[{"href":"https:\/\/relinkare.org\/site\/wp-json\/wp\/v2\/posts\/1222","targetHints":{"allow":["GET"]}}],"collection":[{"href":"https:\/\/relinkare.org\/site\/wp-json\/wp\/v2\/posts"}],"about":[{"href":"https:\/\/relinkare.org\/site\/wp-json\/wp\/v2\/types\/post"}],"author":[{"embeddable":true,"href":"https:\/\/relinkare.org\/site\/wp-json\/wp\/v2\/users\/1"}],"replies":[{"embeddable":true,"href":"https:\/\/relinkare.org\/site\/wp-json\/wp\/v2\/comments?post=1222"}],"version-history":[{"count":4,"href":"https:\/\/relinkare.org\/site\/wp-json\/wp\/v2\/posts\/1222\/revisions"}],"predecessor-version":[{"id":1227,"href":"https:\/\/relinkare.org\/site\/wp-json\/wp\/v2\/posts\/1222\/revisions\/1227"}],"wp:featuredmedia":[{"embeddable":true,"href":"https:\/\/relinkare.org\/site\/wp-json\/wp\/v2\/media\/1224"}],"wp:attachment":[{"href":"https:\/\/relinkare.org\/site\/wp-json\/wp\/v2\/media?parent=1222"}],"wp:term":[{"taxonomy":"category","embeddable":true,"href":"https:\/\/relinkare.org\/site\/wp-json\/wp\/v2\/categories?post=1222"},{"taxonomy":"post_tag","embeddable":true,"href":"https:\/\/relinkare.org\/site\/wp-json\/wp\/v2\/tags?post=1222"}],"curies":[{"name":"wp","href":"https:\/\/api.w.org\/{rel}","templated":true}]}}