{"id":1177,"date":"2022-04-04T13:20:05","date_gmt":"2022-04-04T13:20:05","guid":{"rendered":"https:\/\/relinkare.org\/site\/?p=1177"},"modified":"2022-04-04T13:20:05","modified_gmt":"2022-04-04T13:20:05","slug":"paullo-ramos-e-o-autismo","status":"publish","type":"post","link":"https:\/\/relinkare.org\/site\/paullo-ramos-e-o-autismo\/","title":{"rendered":"PAULLO RAMOS E O AUTISMO"},"content":{"rendered":"\n<p>S\u00e1bado \u00faltimo, dia 02 de abril, foi o Dia Mundial da Conscientiza\u00e7\u00e3o sobre o Autismo, data criada em 2007 pela ONU com o objetivo de chamar a aten\u00e7\u00e3o da sociedade para o chamado TEA, Transtorno do Espectro Autista. E ajudar a trazer mais informa\u00e7\u00f5es sobre o assunto, principalmente para auxiliar no combate ao preconceito contra pessoas que vivem com essa condi\u00e7\u00e3o.<\/p>\n\n\n\n<p>E a data esse ano me faz lembrar muito do grande amigo Paullo Ramos, que nos deixou em abril de 2020, no come\u00e7o da pandemia, quando a gente ainda tava tentando entender a situa\u00e7\u00e3o e aprendendo a se proteger do tal coronav\u00edrus.<\/p>\n\n\n\n<p>E a lembran\u00e7a tem a ver com o fato de que os \u00faltimos de vida de Paullo foram de uma dedica\u00e7\u00e3o apaixonada sobre o tema do autismo, assunto que foi levado a se envolver a partir da professora e pintora Val\u00e9ria Ramos, grande conhecedora e lutadora da causa.<\/p>\n\n\n\n<p>Incr\u00edvel como durante os v\u00e1rios anos de encontros com Paullo sempre foi a mesma coisa: cada papo era um convite a pensar algo novo, algo que fizesse as pessoas se mexerem e repensarem seus papeis em meio a uma sociedade cada vez mais utilit\u00e1ria e individualista. E sempre com a Arte como ferramenta, provoca\u00e7\u00e3o e encantamento.<\/p>\n\n\n\n<p>Inquieta\u00e7\u00f5es que estavam em tudo o que o cara fez, inclusive no \u00fanico livro que publicou, o Ser\u00e1 a Arte um Ovni?, onde entre outras sacadas, discute a ideia da arte como um \u201cescafandro\u201d que permite mergulhos no inconsciente humano, com a possibilidade de uma \u201cvolta\u201d segura e com aprendizados transformadores. Na linha da mestra Nise da Silveira, a quem ele sempre fez refer\u00eancia durante sua vida, em seus cursos e palestras.<\/p>\n\n\n\n<p>Da\u00ed que o envolvimento dele com a situa\u00e7\u00e3o do autismo foi como se um universo imensur\u00e1vel de possibilidades se abrisse. Nos \u00faltimos anos continuou ainda pintando e dando aulas de Artes, mas num ritmo mais devagar. As atividades de arteterapia passaram a ser nesse per\u00edodo a sua atividade principal, que fazia seu cora\u00e7\u00e3o bater com entusiasmo juvenil.<\/p>\n\n\n\n<p>Era muito empolgante encontr\u00e1-lo e v\u00ea-lo falar de suas experi\u00eancias com as crian\u00e7as e jovens autistas e o quanto ele estava aprendendo de coisas novas, de como isso era ao mesmo tempo desafiador e alimentador da alma. L\u00e1 no Cires, o Centro Integrado de Reabilita\u00e7\u00e3o Sarapu\u00ed, ele tinha virado uma esp\u00e9cie de refer\u00eancia de como a Arte pode abrir caminhos e indicar possibilidades para crian\u00e7as, jovens e adultos autistas na regi\u00e3o.<\/p>\n\n\n\n<p>Um dia, num encontro nosso, ele me falou da quest\u00e3o se estavam atualmente nascendo mais pessoas com diagn\u00f3stico de autismo ou se na verdade, elas sempre estiveram a\u00ed e eram invisibilizadas, o que me fez pensar que eu mesmo n\u00e3o sabia nada sobre esse universo. A partir da viv\u00eancia com pessoas autistas, Paullo conseguia falar sobre a sociedade de uma forma muito direta, de como a gente vai, sem se dar conta, padronizando tudo, naturalizando esses padr\u00f5es e passando por cima das diferen\u00e7as.<\/p>\n\n\n\n<p>Importante dizer que num pa\u00eds com a desigualdade social como a nossa, onde a Sa\u00fade p\u00fablica tem sido atacada covardemente, \u00e9 gritante como falta apoio \u00e0 vera para fam\u00edlias que convivem com pessoas autistas. A rede p\u00fablica \u00e9 deficit\u00e1ria e mesmo o atendimento particular \u00e9 dif\u00edcil. Falta muito para o m\u00ednimo ainda e isso cria enormes e cansativas dificuldades para estas fam\u00edlias.<\/p>\n\n\n\n<p>Talvez as \u00fanicas coisas que d\u00e3o um certo alento \u00e9 saber que o assunto tem se tornado mais popular e que mais gente tem chegado pra trocar informa\u00e7\u00e3o e pra cobrar apoio efetivo dos governos e demais institui\u00e7\u00f5es.<\/p>\n\n\n\n<p>Sobre a lembran\u00e7a do Paullo (que faria anivers\u00e1rio no \u00faltimo dia vinte de mar\u00e7o) tem o fato da pandemia n\u00e3o ter permitido um vel\u00f3rio \u00e0 sua altura, o que talvez tenha me dado uma demora muito grande pra ficha cair de que o amigo se foi mesmo. At\u00e9 pouco tempo no ano passado sentia uma certa impress\u00e3o de que poderia esbarrar com ele aqui nos nossos caminhos comuns e tomar aquele cafezinho filos\u00f3fico e gostoso, como foram tantos em tantos anos.<\/p>\n\n\n\n<p>A saudade \u00e9 grande, mas \u00e9 reconfortante a certeza de saber que ali estava um grande ser humano, um artista de grande sensibilidade e um lutador pelo humanismo que tanto nos tem feito falta.<\/p>\n\n\n\n<p>Sobre o autismo \u00e9 isso: vale a pena pesquisar e se abrir pra conhecer mais. Tem sempre algu\u00e9m autista muito pr\u00f3ximo a voc\u00ea, pode acreditar.<\/p>\n\n\n\n<p>E viva a Arte.<\/p>\n\n\n\n<p>[ heraldo hb \u2013 pitacol\u00e2ndia \u2013 abril de 2022 ]<\/p>\n","protected":false},"excerpt":{"rendered":"<p>S\u00e1bado \u00faltimo, dia 02 de abril, foi o Dia Mundial da Conscientiza\u00e7\u00e3o sobre o Autismo, data criada em 2007 pela ONU com o objetivo de chamar a aten\u00e7\u00e3o da sociedade para o chamado TEA, Transtorno do Espectro Autista. E ajudar&#8230;<br \/><a class=\"read-more-button\" href=\"https:\/\/relinkare.org\/site\/paullo-ramos-e-o-autismo\/\">Leia mais&#8230;<\/a><\/p>\n","protected":false},"author":1,"featured_media":1178,"comment_status":"open","ping_status":"open","sticky":false,"template":"","format":"standard","meta":{"_kadence_starter_templates_imported_post":false,"footnotes":""},"categories":[215],"tags":[],"class_list":["post-1177","post","type-post","status-publish","format-standard","has-post-thumbnail","hentry","category-pitacolandia"],"views":1151,"_links":{"self":[{"href":"https:\/\/relinkare.org\/site\/wp-json\/wp\/v2\/posts\/1177","targetHints":{"allow":["GET"]}}],"collection":[{"href":"https:\/\/relinkare.org\/site\/wp-json\/wp\/v2\/posts"}],"about":[{"href":"https:\/\/relinkare.org\/site\/wp-json\/wp\/v2\/types\/post"}],"author":[{"embeddable":true,"href":"https:\/\/relinkare.org\/site\/wp-json\/wp\/v2\/users\/1"}],"replies":[{"embeddable":true,"href":"https:\/\/relinkare.org\/site\/wp-json\/wp\/v2\/comments?post=1177"}],"version-history":[{"count":1,"href":"https:\/\/relinkare.org\/site\/wp-json\/wp\/v2\/posts\/1177\/revisions"}],"predecessor-version":[{"id":1179,"href":"https:\/\/relinkare.org\/site\/wp-json\/wp\/v2\/posts\/1177\/revisions\/1179"}],"wp:featuredmedia":[{"embeddable":true,"href":"https:\/\/relinkare.org\/site\/wp-json\/wp\/v2\/media\/1178"}],"wp:attachment":[{"href":"https:\/\/relinkare.org\/site\/wp-json\/wp\/v2\/media?parent=1177"}],"wp:term":[{"taxonomy":"category","embeddable":true,"href":"https:\/\/relinkare.org\/site\/wp-json\/wp\/v2\/categories?post=1177"},{"taxonomy":"post_tag","embeddable":true,"href":"https:\/\/relinkare.org\/site\/wp-json\/wp\/v2\/tags?post=1177"}],"curies":[{"name":"wp","href":"https:\/\/api.w.org\/{rel}","templated":true}]}}