{"id":1140,"date":"2021-05-20T14:57:34","date_gmt":"2021-05-20T14:57:34","guid":{"rendered":"https:\/\/relinkare.org\/site\/?p=1140"},"modified":"2023-10-02T02:59:48","modified_gmt":"2023-10-02T02:59:48","slug":"mata-desmata-arremata-e-mamata","status":"publish","type":"post","link":"https:\/\/relinkare.org\/site\/mata-desmata-arremata-e-mamata\/","title":{"rendered":"MATA, DESMATA, ARREMATA E MAMATA"},"content":{"rendered":"\n<p>Esse epis\u00f3dio vergonhoso, mais um, envolvendo o \u201cministro contra o Meio Ambiente\u201d, mostra, mais uma vez, que temos um governo de canalhas, capachos e c\u00ednicos. E fica cada vez mais evidente que as quatro \u201cfrentes\u201d governamentais est\u00e3o sempre entrela\u00e7adas.<\/p>\n\n\n\n<p>Pra quem n\u00e3o t\u00e1 ligado nessas frentes, a saber:<\/p>\n\n\n\n<p>a MATA \u2013 mil\u00edcias armadas crescendo perigosamente apoiadas pelo governo, os amigos dos Escrit\u00f3rios do Crime;<\/p>\n\n\n\n<p>a DESMATA \u2013 a boiada passando, nosso futuro amea\u00e7ado;<\/p>\n\n\n\n<p>a ARREMATA \u2013 a venda (na verdade, a doa\u00e7\u00e3o) de todo o patrim\u00f4nio p\u00fablico, crimes de l\u00e9sa-p\u00e1tria sem o menor remorso;<\/p>\n\n\n\n<p>e a MAMATA \u2013 diz que n\u00e3o tem dinheiro pra vacina e pra aux\u00edlio, mas pra esquemas pesados e escancarados&#8230;<\/p>\n\n\n\n<p>E o caso do que tem rolado com a floresta amaz\u00f4nica \u00e9 exemplar nesse cruzamento de frentes. Esse ricardo salles \u00e9 s\u00f3 mais um desses seres abjetos que sa\u00edram das trevas pra destruir o pa\u00eds, emergindo de um momento de doen\u00e7a social.<\/p>\n\n\n\n<p>\u00c9 preciso cair esse governo imediatamente.<\/p>\n\n\n\n<p>#ForaBolsonaro<\/p>\n\n\n\n<p>&#8211;<\/p>\n\n\n\n<p>[@heraldohb &#8211; pitacol\u00e2ndia \u2013 maio 2021]<\/p>\n","protected":false},"excerpt":{"rendered":"<p>Esse epis\u00f3dio vergonhoso, mais um, envolvendo o \u201cministro contra o Meio Ambiente\u201d, mostra, mais uma vez, que temos um governo de canalhas, capachos e c\u00ednicos. E fica cada vez mais evidente que as quatro \u201cfrentes\u201d governamentais est\u00e3o sempre entrela\u00e7adas. Pra&#8230;<br \/><a class=\"read-more-button\" href=\"https:\/\/relinkare.org\/site\/mata-desmata-arremata-e-mamata\/\">Leia mais&#8230;<\/a><\/p>\n","protected":false},"author":1,"featured_media":0,"comment_status":"open","ping_status":"open","sticky":false,"template":"","format":"standard","meta":{"_kadence_starter_templates_imported_post":false,"footnotes":""},"categories":[7,21],"tags":[],"class_list":["post-1140","post","type-post","status-publish","format-standard","hentry","category-pitaco","category-palavra"],"views":1204,"_links":{"self":[{"href":"https:\/\/relinkare.org\/site\/wp-json\/wp\/v2\/posts\/1140","targetHints":{"allow":["GET"]}}],"collection":[{"href":"https:\/\/relinkare.org\/site\/wp-json\/wp\/v2\/posts"}],"about":[{"href":"https:\/\/relinkare.org\/site\/wp-json\/wp\/v2\/types\/post"}],"author":[{"embeddable":true,"href":"https:\/\/relinkare.org\/site\/wp-json\/wp\/v2\/users\/1"}],"replies":[{"embeddable":true,"href":"https:\/\/relinkare.org\/site\/wp-json\/wp\/v2\/comments?post=1140"}],"version-history":[{"count":1,"href":"https:\/\/relinkare.org\/site\/wp-json\/wp\/v2\/posts\/1140\/revisions"}],"predecessor-version":[{"id":1141,"href":"https:\/\/relinkare.org\/site\/wp-json\/wp\/v2\/posts\/1140\/revisions\/1141"}],"wp:attachment":[{"href":"https:\/\/relinkare.org\/site\/wp-json\/wp\/v2\/media?parent=1140"}],"wp:term":[{"taxonomy":"category","embeddable":true,"href":"https:\/\/relinkare.org\/site\/wp-json\/wp\/v2\/categories?post=1140"},{"taxonomy":"post_tag","embeddable":true,"href":"https:\/\/relinkare.org\/site\/wp-json\/wp\/v2\/tags?post=1140"}],"curies":[{"name":"wp","href":"https:\/\/api.w.org\/{rel}","templated":true}]}}