{"id":1092,"date":"2021-04-15T03:40:58","date_gmt":"2021-04-15T03:40:58","guid":{"rendered":"https:\/\/relinkare.org\/site\/?p=1092"},"modified":"2021-04-15T14:31:07","modified_gmt":"2021-04-15T14:31:07","slug":"um-ovni-documentado-no-tempo-do-imperio","status":"publish","type":"post","link":"https:\/\/relinkare.org\/site\/um-ovni-documentado-no-tempo-do-imperio\/","title":{"rendered":"Um OVNI documentado no tempo do Imp\u00e9rio"},"content":{"rendered":"\n<p><strong>Tudo indica que este \u00e9 o primeiro avistamento relatado no Brasil de um objeto voador n\u00e3o identificado, feito pelo capit\u00e3o de fragata Augusto Leverger, o <a rel=\"noreferrer noopener\" href=\"https:\/\/pt.wikipedia.org\/wiki\/Augusto_Leverger\" target=\"_blank\">Bar\u00e3o de Melga\u00e7o<\/a>, e que est\u00e1 registrado na edi\u00e7\u00e3o da \u201cGazeta Official do Imp\u00e9rio do Brasil\u201d, quinta-feira, 26 de novembro de 1846, p\u00e1gina 295<\/strong>. <\/p>\n\n\n\n<p><strong><a rel=\"noreferrer noopener\" href=\"https:\/\/relinkare.org\/site\/wp-content\/uploads\/2021\/04\/avistamento_OVNI_Gazeta-Imperial-do-Brasil_26-11-1846.pdf\" target=\"_blank\">Veja aqui o fac-s\u00edmile da publica\u00e7\u00e3o.<\/a><\/strong><br><\/p>\n\n\n\n<p>O texto:<br><br>\u201cNa expedi\u00e7\u00e3o das canhoneiras de Cuyab\u00e1 para a cidad de Assump\u00e7\u00e3o, sob o comando do Capit\u00e3o de Fragata Augusto Leverger, observou este hum extraordin\u00e1rio phenomeno meteorol\u00f3gico que descreve de maneira seguinte:<br><br>\u201dObservei esta noite hum phenomeno como nunca antes vira. As 5 horas de 57 minutos estado o c\u00e9o perfeitamente limpo, calma, thermometro 60\u00ba, hum globo luminoso com instant\u00e2nea rapidez descreveo huma curva de como 30\u00ba, ao rumo NNO. A dire\u00e7\u00e3o fazia com o horizonte \u00e2ngulo de, aproximadamente, 75\u00ba e 105\u00ba e agudo aberto pelo lado do Oeste.<br><br>\u201cDeixou substituir huma faixa de luz de 5\u00ba ou 6\u00ba de cumprimento e 30\u00ba a 35\u00ba de largura, na qual distingui\u00e3o-se tr\u00eas corpos cujo \u201cbrilho era muito mais vivo que o da faxa, e igualava, se n\u00e3o excedia, em intensidade, o da lua cheia em tempo claro. Estav\u00e3o superpostos e separados um dos outros.<br><br>O do meio tinha a apar\u00eancia quase circular; o inferior parecia um segmento de circulo de 120\u00ba com os raios extremos quebrados; a forma que apresentava o de cima era de hum quadril\u00e1tero irregular; a maior dimens\u00e3o dos discos seria de 20 a 25\u2019. Emfim acima delles via-se huma lista de luz muito fraca em forma de zig-zag de como 3\u2019 de largura e 5\u00ba ou 6\u00ba de comprimento. A altura angular da faxa grande sobre o horizonte parecia de 8\u00ba (Receosos de perder alguma circunst\u00e2ncia do phenomeno n\u00e3o recorri ao instrumento para medir essas dimens\u00f5es).<br><br>Foi tudo abaixando com n\u00e3o maior velocidade apparente do que os astros no seu ocaso, por\u00e9m os globos luminosos mudar\u00e3o de aspecto tomando a forma el\u00edptica de cada vez mais achatada, e embaciando at\u00e9 parecerem pequenas nuvens. A faixa grande inclinou-se para N at\u00e9 ficar quase horizontal, mas o zig-zag sempre conservou a mesma dire\u00e7\u00e3o. Depois de 25\u2019 tudo desappareceo, e n\u00e3o houve o mais leve signal de perturba\u00e7\u00e3o na atmosphera.<br><br>Na cidade de Assump\u00e7\u00e3o conversei com o Ministro do Brasil e diversos outras pessoas que testemunhar\u00e3o esta, para n\u00f3s todos, singular appari\u00e7\u00e3o. Huma circunst\u00e2ncia que ao me parece muito digna de notar-se, he a dire\u00e7\u00e3o em que o Ministro observava o phenomeno, n\u00e3o houve engano, pois referia a observa\u00e7\u00e3o a hum auro cujo azimuth era f\u00e1cil verificar, a esta dire\u00e7\u00e3o era proximadamente de ONO, fazendo por tanto hum \u00e2ngulo de 45\u00ba com a de NNO, que eu notara.<br><br>Submeti ao calculo trigonom\u00e9trico esta enorme parallaxe combinada com as posi\u00e7\u00f5es geogr\u00e1ficas de Assump\u00e7\u00e3o e do lugar onde eu observei, e achei que o phenomeno devera verificar-se na regi\u00e3o atmospherica e t\u00e3o somente a 3 l\u00e9goas de Assump\u00e7\u00e3o&#8221;.<\/p>\n\n\n\n<p><strong><em>O relato foi publicado no Boletim Edi\u00e7\u00e3o 12, em novembro de 1959, da Sociedade Brasileira de Estudos de Discos Voadores (SBEDV) .<\/em><\/strong><\/p>\n\n\n\n<figure class=\"wp-block-image size-large\"><img loading=\"lazy\" decoding=\"async\" width=\"800\" height=\"688\" src=\"https:\/\/relinkare.org\/site\/wp-content\/uploads\/2021\/04\/avistamento_OVNI_Gazeta-Imperial-do-Brasil_26-11-1846.jpg\" alt=\"primeiro avistamento relatado no Brasil de um objeto voador n\u00e3o identificado, feito pelo capit\u00e3o de fragata Augusto Laverger\" class=\"wp-image-1132\" srcset=\"https:\/\/relinkare.org\/site\/wp-content\/uploads\/2021\/04\/avistamento_OVNI_Gazeta-Imperial-do-Brasil_26-11-1846.jpg 800w, https:\/\/relinkare.org\/site\/wp-content\/uploads\/2021\/04\/avistamento_OVNI_Gazeta-Imperial-do-Brasil_26-11-1846-580x499.jpg 580w, https:\/\/relinkare.org\/site\/wp-content\/uploads\/2021\/04\/avistamento_OVNI_Gazeta-Imperial-do-Brasil_26-11-1846-768x660.jpg 768w\" sizes=\"auto, (max-width: 800px) 100vw, 800px\" \/><\/figure>\n\n\n\n<figure class=\"wp-block-image size-large\"><img loading=\"lazy\" decoding=\"async\" width=\"468\" height=\"834\" src=\"https:\/\/relinkare.org\/site\/wp-content\/uploads\/2021\/04\/avistamento_OVNI_Gazeta-Imperial-do-Brasil_26-11-1846_materia.jpg\" alt=\"\" class=\"wp-image-1133\"\/><\/figure>\n","protected":false},"excerpt":{"rendered":"<p>Tudo indica que este \u00e9 o primeiro avistamento relatado no Brasil de um objeto voador n\u00e3o identificado, feito pelo capit\u00e3o de fragata Augusto Leverger, o Bar\u00e3o de Melga\u00e7o, e que est\u00e1 registrado na edi\u00e7\u00e3o da \u201cGazeta Official do Imp\u00e9rio do&#8230;<br \/><a class=\"read-more-button\" href=\"https:\/\/relinkare.org\/site\/um-ovni-documentado-no-tempo-do-imperio\/\">Leia mais&#8230;<\/a><\/p>\n","protected":false},"author":1,"featured_media":1132,"comment_status":"open","ping_status":"open","sticky":false,"template":"","format":"standard","meta":{"_kadence_starter_templates_imported_post":false,"footnotes":""},"categories":[7],"tags":[261,108,259,258,233,260,234],"class_list":["post-1092","post","type-post","status-publish","format-standard","has-post-thumbnail","hentry","category-pitaco","tag-augusto-leverger","tag-brasil","tag-curiosidade","tag-gazeta-do-imperio","tag-ovni","tag-ufo","tag-ufologia"],"views":1217,"_links":{"self":[{"href":"https:\/\/relinkare.org\/site\/wp-json\/wp\/v2\/posts\/1092","targetHints":{"allow":["GET"]}}],"collection":[{"href":"https:\/\/relinkare.org\/site\/wp-json\/wp\/v2\/posts"}],"about":[{"href":"https:\/\/relinkare.org\/site\/wp-json\/wp\/v2\/types\/post"}],"author":[{"embeddable":true,"href":"https:\/\/relinkare.org\/site\/wp-json\/wp\/v2\/users\/1"}],"replies":[{"embeddable":true,"href":"https:\/\/relinkare.org\/site\/wp-json\/wp\/v2\/comments?post=1092"}],"version-history":[{"count":6,"href":"https:\/\/relinkare.org\/site\/wp-json\/wp\/v2\/posts\/1092\/revisions"}],"predecessor-version":[{"id":1135,"href":"https:\/\/relinkare.org\/site\/wp-json\/wp\/v2\/posts\/1092\/revisions\/1135"}],"wp:featuredmedia":[{"embeddable":true,"href":"https:\/\/relinkare.org\/site\/wp-json\/wp\/v2\/media\/1132"}],"wp:attachment":[{"href":"https:\/\/relinkare.org\/site\/wp-json\/wp\/v2\/media?parent=1092"}],"wp:term":[{"taxonomy":"category","embeddable":true,"href":"https:\/\/relinkare.org\/site\/wp-json\/wp\/v2\/categories?post=1092"},{"taxonomy":"post_tag","embeddable":true,"href":"https:\/\/relinkare.org\/site\/wp-json\/wp\/v2\/tags?post=1092"}],"curies":[{"name":"wp","href":"https:\/\/api.w.org\/{rel}","templated":true}]}}