{"id":1086,"date":"2020-12-09T16:56:31","date_gmt":"2020-12-09T16:56:31","guid":{"rendered":"https:\/\/relinkare.org\/site\/?p=1086"},"modified":"2023-10-02T03:00:43","modified_gmt":"2023-10-02T03:00:43","slug":"elas-nao-tinham-nada-a-ver-com-isso","status":"publish","type":"post","link":"https:\/\/relinkare.org\/site\/elas-nao-tinham-nada-a-ver-com-isso\/","title":{"rendered":"elas n\u00e3o tinham nada a ver com isso."},"content":{"rendered":"\n<p>elas n\u00e3o tinham nada a ver com isso.<\/p>\n\n\n\n<p>elas s\u00f3 queriam brincar.<\/p>\n\n\n\n<p>na porta de casa, felizes.<\/p>\n\n\n\n<p>sextava em caxias.<\/p>\n\n\n\n<p>mais um dia normal de riso, zoeira, amor.<\/p>\n\n\n\n<p>vida de crian\u00e7a.<\/p>\n\n\n\n<p>mas balas de armas de fogo as mataram.<\/p>\n\n\n\n<p>sem tempo de m\u00e3e chamar pra dentro.<\/p>\n\n\n\n<p>armas que voc\u00eas querem liberar.<\/p>\n\n\n\n<p>balas que voc\u00eas querem que sejam vendidas facilmente em cada esquina do pa\u00eds.<\/p>\n\n\n\n<p>tra\u00e7os de uma guerra absurda e fatal.<\/p>\n\n\n\n<p>uma guerra que mata pobre, sistematicamente, semanalmente, anonimamente, normalizadamente.<\/p>\n\n\n\n<p>guerra que voc\u00ea apoia.<\/p>\n\n\n\n<p>emilly tinha quatro anos.<\/p>\n\n\n\n<p>uma bala na cabe\u00e7a.<\/p>\n\n\n\n<p>rebeca tinha sete.<\/p>\n\n\n\n<p>uma bala no abdomen.<\/p>\n\n\n\n<p>elas estavam ansiosas pela festa de anivers\u00e1rio de emilly.<\/p>\n\n\n\n<p>seria a primeira festa da menina.<\/p>\n\n\n\n<p>elas n\u00e3o tinha nada a ver com isso, com essa guerra insana, sem sentido.<\/p>\n\n\n\n<p>elas tinham sonhos de crian\u00e7a: talvez bailarina, professora, pol\u00edcia, cantora, astronauta.<\/p>\n\n\n\n<p>mais alguns poucos anos e talvez sonhos de adulta: emprego, viagem, namoro, formatura.<\/p>\n\n\n\n<p>mas elas n\u00e3o ter\u00e3o mais sonhos.<\/p>\n\n\n\n<p>balas as mataram na porta de casa.<\/p>\n\n\n\n<p>essas balas defendidas por esses cidad\u00e3os de bens que assinam embaixo dos massacres di\u00e1rios, assassinos de futuros.<\/p>\n\n\n\n<p>elas n\u00e3o tinham nada a ver com isso, mas voc\u00ea tem.<\/p>\n\n\n\n<p>voc\u00ea que apoia os milicianos no poder.<\/p>\n\n\n\n<p>voc\u00ea que reproduz o chorume midi\u00e1tico di\u00e1rio dos programas policiais.<\/p>\n\n\n\n<p>voc\u00ea que \u00e9 isent\u00e3o.<\/p>\n\n\n\n<p>voc\u00ea que vomita que bandido bom \u00e9 bandido morto desde que o bandido n\u00e3o seja aquele filho de autoridade, branco, influente e hip\u00f3crita.<\/p>\n\n\n\n<p>elas n\u00e3o tinham nada a ver com isso.<\/p>\n\n\n\n<p>n\u00e3o \u00e9 um caso isolado, \u00e9 preciso repetir sempre.<\/p>\n\n\n\n<p>\u00e9 uma guerra cotidiana.<\/p>\n\n\n\n<p>um ano ap\u00f3s a morte tr\u00e1gica de \u00e1ghata f\u00e9lix, atingida por um tiro de fuzil da pm pelas costas, mais 28 crian\u00e7as morreram de forma parecida.<\/p>\n\n\n\n<p>emilly e rebeca se juntam \u00e0s \u00e1gathas, jo\u00f5es, eduardos, claudias, migu\u00e9is, juans, milhares de jovens e crian\u00e7as nos \u00faltimos anos que tiveram seus sonhos interrompidos pela m\u00e1quina mort\u00edfera em andamento.<\/p>\n\n\n\n<p>elas n\u00e3o tinha nada a ver com isso, mas voc\u00ea tem.<\/p>\n\n\n\n<p>voc\u00ea precisa se rever, repensar o que voc\u00ea apoia\/silencia\/vomita por a\u00ed.<\/p>\n\n\n\n<p>ajude a parar essa m\u00e1quina assassina.<\/p>\n\n\n\n<p>agora.<\/p>\n\n\n\n<p>voc\u00ea pode parar de apoiar essa pol\u00edtica assassina.<\/p>\n\n\n\n<p>agora.<\/p>\n\n\n\n<p>voc\u00ea pode parar de dar moral a esse discurso da morte.<\/p>\n\n\n\n<p>agora.<\/p>\n\n\n\n<p>voc\u00ea pode parar de fingir que isso tudo n\u00e3o tem a ver contigo.<\/p>\n\n\n\n<p>n\u00e3o d\u00e1 pra desejar feliz natal pra quem bate palma pra herodes continuar a matar nossas crian\u00e7as.<\/p>\n\n\n\n<p>elas n\u00e3o tinham nada a ver com isso.<\/p>\n\n\n\n<p>emilly e rebeca, quatro e sete anos, uma bala na cabe\u00e7a e outra no abdomen, elas s\u00f3 queriam brincar.<\/p>\n\n\n\n<p>ajude a parar essa m\u00e1quina assassina.<\/p>\n\n\n\n<p>agora.<\/p>\n\n\n\n<p>.<\/p>\n\n\n\n<p>@heraldohb<\/p>\n","protected":false},"excerpt":{"rendered":"<p>elas n\u00e3o tinham nada a ver com isso. elas s\u00f3 queriam brincar. na porta de casa, felizes. sextava em caxias. mais um dia normal de riso, zoeira, amor. vida de crian\u00e7a. mas balas de armas de fogo as mataram. sem&#8230;<br \/><a class=\"read-more-button\" href=\"https:\/\/relinkare.org\/site\/elas-nao-tinham-nada-a-ver-com-isso\/\">Leia mais&#8230;<\/a><\/p>\n","protected":false},"author":1,"featured_media":0,"comment_status":"open","ping_status":"open","sticky":false,"template":"","format":"standard","meta":{"_kadence_starter_templates_imported_post":false,"footnotes":""},"categories":[21],"tags":[],"class_list":["post-1086","post","type-post","status-publish","format-standard","hentry","category-palavra"],"views":1328,"_links":{"self":[{"href":"https:\/\/relinkare.org\/site\/wp-json\/wp\/v2\/posts\/1086","targetHints":{"allow":["GET"]}}],"collection":[{"href":"https:\/\/relinkare.org\/site\/wp-json\/wp\/v2\/posts"}],"about":[{"href":"https:\/\/relinkare.org\/site\/wp-json\/wp\/v2\/types\/post"}],"author":[{"embeddable":true,"href":"https:\/\/relinkare.org\/site\/wp-json\/wp\/v2\/users\/1"}],"replies":[{"embeddable":true,"href":"https:\/\/relinkare.org\/site\/wp-json\/wp\/v2\/comments?post=1086"}],"version-history":[{"count":1,"href":"https:\/\/relinkare.org\/site\/wp-json\/wp\/v2\/posts\/1086\/revisions"}],"predecessor-version":[{"id":1087,"href":"https:\/\/relinkare.org\/site\/wp-json\/wp\/v2\/posts\/1086\/revisions\/1087"}],"wp:attachment":[{"href":"https:\/\/relinkare.org\/site\/wp-json\/wp\/v2\/media?parent=1086"}],"wp:term":[{"taxonomy":"category","embeddable":true,"href":"https:\/\/relinkare.org\/site\/wp-json\/wp\/v2\/categories?post=1086"},{"taxonomy":"post_tag","embeddable":true,"href":"https:\/\/relinkare.org\/site\/wp-json\/wp\/v2\/tags?post=1086"}],"curies":[{"name":"wp","href":"https:\/\/api.w.org\/{rel}","templated":true}]}}