{"id":1017,"date":"2020-08-09T03:01:35","date_gmt":"2020-08-09T03:01:35","guid":{"rendered":"https:\/\/relinkare.org\/site\/?p=1017"},"modified":"2020-08-09T03:01:35","modified_gmt":"2020-08-09T03:01:35","slug":"chica-xavier-e-dom-pedro-casaldaliga-dois-seres-de-luz-que-se-vao","status":"publish","type":"post","link":"https:\/\/relinkare.org\/site\/chica-xavier-e-dom-pedro-casaldaliga-dois-seres-de-luz-que-se-vao\/","title":{"rendered":"Chica Xavier e Dom Pedro Casald\u00e1liga, dois seres de Luz que se v\u00e3o"},"content":{"rendered":"\n<p>Importante registrar: hoje o Brasil perdeu dois seres de Luz, Chica Xavier e Dom Pedro Casald\u00e1liga, refer\u00eancias de \u00e9tica e humanidade, vidas dedicadas ao que h\u00e1 de melhor no pa\u00eds, cada um em sua \u00e1rea.<\/p>\n\n\n\n<p>Isso em um fim de semana em que o pa\u00eds alcan\u00e7a uma sinistra marca de 100 mil mortes oficiais por covid-19 (sabendo que esse n\u00famero \u00e9 bem maior).<\/p>\n\n\n\n<p>Isso em meio a um governo que semeia a morte em todos os n\u00edveis (de gente, de futuro, de pa\u00eds).Isso em meio a tanta gente boa adoecendo de tristeza e des\u00e2nimo. <\/p>\n\n\n\n<p>Isso em meio a tanta gente \u201cde bem\u201d indiferente e\/ou apoiando essa desgra\u00e7a que se abateu sobre n\u00f3s.<\/p>\n\n\n\n<p>Que a Luz de Dom Pedro e Chica Xavier nos d\u00ea for\u00e7a e discernimento nesse momento.<\/p>\n\n\n\n<figure class=\"wp-block-image size-large\"><img loading=\"lazy\" decoding=\"async\" width=\"750\" height=\"595\" src=\"https:\/\/relinkare.org\/site\/wp-content\/uploads\/2020\/08\/chicaxavie2r.jpg\" alt=\"\" class=\"wp-image-1018\" srcset=\"https:\/\/relinkare.org\/site\/wp-content\/uploads\/2020\/08\/chicaxavie2r.jpg 750w, https:\/\/relinkare.org\/site\/wp-content\/uploads\/2020\/08\/chicaxavie2r-580x460.jpg 580w\" sizes=\"auto, (max-width: 750px) 100vw, 750px\" \/><\/figure>\n\n\n\n<figure class=\"wp-block-image size-large\"><img loading=\"lazy\" decoding=\"async\" width=\"512\" height=\"172\" src=\"https:\/\/relinkare.org\/site\/wp-content\/uploads\/2020\/08\/pedrocasaldaliga.jpg\" alt=\"\" class=\"wp-image-1019\"\/><\/figure>\n","protected":false},"excerpt":{"rendered":"<p>Importante registrar: hoje o Brasil perdeu dois seres de Luz, Chica Xavier e Dom Pedro Casald\u00e1liga, refer\u00eancias de \u00e9tica e humanidade, vidas dedicadas ao que h\u00e1 de melhor no pa\u00eds, cada um em sua \u00e1rea. Isso em um fim de&#8230;<br \/><a class=\"read-more-button\" href=\"https:\/\/relinkare.org\/site\/chica-xavier-e-dom-pedro-casaldaliga-dois-seres-de-luz-que-se-vao\/\">Leia mais&#8230;<\/a><\/p>\n","protected":false},"author":1,"featured_media":1018,"comment_status":"open","ping_status":"open","sticky":false,"template":"","format":"standard","meta":{"_kadence_starter_templates_imported_post":false,"footnotes":""},"categories":[7],"tags":[],"class_list":["post-1017","post","type-post","status-publish","format-standard","has-post-thumbnail","hentry","category-pitaco"],"views":1241,"_links":{"self":[{"href":"https:\/\/relinkare.org\/site\/wp-json\/wp\/v2\/posts\/1017","targetHints":{"allow":["GET"]}}],"collection":[{"href":"https:\/\/relinkare.org\/site\/wp-json\/wp\/v2\/posts"}],"about":[{"href":"https:\/\/relinkare.org\/site\/wp-json\/wp\/v2\/types\/post"}],"author":[{"embeddable":true,"href":"https:\/\/relinkare.org\/site\/wp-json\/wp\/v2\/users\/1"}],"replies":[{"embeddable":true,"href":"https:\/\/relinkare.org\/site\/wp-json\/wp\/v2\/comments?post=1017"}],"version-history":[{"count":1,"href":"https:\/\/relinkare.org\/site\/wp-json\/wp\/v2\/posts\/1017\/revisions"}],"predecessor-version":[{"id":1020,"href":"https:\/\/relinkare.org\/site\/wp-json\/wp\/v2\/posts\/1017\/revisions\/1020"}],"wp:featuredmedia":[{"embeddable":true,"href":"https:\/\/relinkare.org\/site\/wp-json\/wp\/v2\/media\/1018"}],"wp:attachment":[{"href":"https:\/\/relinkare.org\/site\/wp-json\/wp\/v2\/media?parent=1017"}],"wp:term":[{"taxonomy":"category","embeddable":true,"href":"https:\/\/relinkare.org\/site\/wp-json\/wp\/v2\/categories?post=1017"},{"taxonomy":"post_tag","embeddable":true,"href":"https:\/\/relinkare.org\/site\/wp-json\/wp\/v2\/tags?post=1017"}],"curies":[{"name":"wp","href":"https:\/\/api.w.org\/{rel}","templated":true}]}}